{"id":653,"date":"2018-06-28T11:25:23","date_gmt":"2018-06-28T09:25:23","guid":{"rendered":"http:\/\/maestronacor.com\/?p=653"},"modified":"2018-06-28T12:07:43","modified_gmt":"2018-06-28T10:07:43","slug":"grabacion-disco-para-cofradia-tercera-caida","status":"publish","type":"post","link":"https:\/\/maestronacor.com\/?p=653","title":{"rendered":"Grabaci\u00f3n disco para cofrad\u00eda Tercera Ca\u00edda"},"content":{"rendered":"<p><span style=\"background-color: #ffffff;\">El pasado d\u00eda 26 de junio, terminamos nuestra colaboraci\u00f3n en la grabaci\u00f3n de un disco para conmemorar el septuag\u00e9simo quinto aniversario de la fundaci\u00f3n de la cofrad\u00eda, \u00bb Hermandad de Jes\u00fas en su Tercera Ca\u00edda \u00ab, nuestra aportaci\u00f3n a sido la grabaci\u00f3n de las siguientes cuatro marchas.<\/span><\/p>\n<p>La Despedida (Antonio Gustavo Ramajo Alonso), Virgen de la Amargura de Zamora ( Antonio Gustavo Ramajo Alonso), La pasionaria ( Jos\u00e9 Franco), Tercera Ca\u00edda ( David Rivas Dominguez).<\/p>\n<p>El disco tambi\u00e9n cuenta con la grabaci\u00f3n de otras siete marchas, grabadas por los compa\u00f1er@s de la Banda de M\u00fasica de Zamora, y Banda de M\u00fasica La Lira de Toro.<\/p>\n<p>Marchas grabadas por la Banda de M\u00fasica de Zamora:<\/p>\n<p>Cristo de la Sangre ( Emilio Cebri\u00e1n Ruiz ), Chopin ( Fr\u00e9d\u00e9ric Fran\u00e7ois Chopin), Mater Mea ( Ricardo Dorado), La Muerte no es el Final ( Ces\u00e1reo Gabar\u00e1in<b>\u00a0<\/b>Azurmendi).<\/p>\n<p>Marchas grabadas por la Banda de M\u00fasica la Lira de Toro:<\/p>\n<p>Dolor de una Madre (Angel Rodriguez), El Novio de la Muerte (Juan Costa Casals), Osanna in Excelsis ( Oscar Navarro).<\/p>\n<p>Esperamos que les guste a los heman@s de la cofrad\u00eda , nuestro compromiso a sido total con el proyecto, muchas gracias por contar con nosotros, un abrazo.<\/p>\n","protected":false},"excerpt":{"rendered":"<p>El pasado d\u00eda 26 de junio, terminamos nuestra colaboraci\u00f3n en la grabaci\u00f3n de un disco para conmemorar el septuag\u00e9simo quinto aniversario de la fundaci\u00f3n de la cofrad\u00eda, \u00bb Hermandad de Jes\u00fas en su Tercera Ca\u00edda \u00ab, nuestra aportaci\u00f3n a sido la grabaci\u00f3n de las siguientes cuatro marchas. La Despedida (Antonio Gustavo Ramajo Alonso), Virgen de [&hellip;]<\/p>\n","protected":false},"author":1,"featured_media":0,"comment_status":"closed","ping_status":"open","sticky":false,"template":"","format":"standard","meta":{"_jetpack_memberships_contains_paid_content":false,"footnotes":""},"categories":[7],"tags":[],"class_list":["post-653","post","type-post","status-publish","format-standard","hentry","category-agenda"],"jetpack_featured_media_url":"","jetpack_sharing_enabled":true,"_links":{"self":[{"href":"https:\/\/maestronacor.com\/index.php?rest_route=\/wp\/v2\/posts\/653","targetHints":{"allow":["GET"]}}],"collection":[{"href":"https:\/\/maestronacor.com\/index.php?rest_route=\/wp\/v2\/posts"}],"about":[{"href":"https:\/\/maestronacor.com\/index.php?rest_route=\/wp\/v2\/types\/post"}],"author":[{"embeddable":true,"href":"https:\/\/maestronacor.com\/index.php?rest_route=\/wp\/v2\/users\/1"}],"replies":[{"embeddable":true,"href":"https:\/\/maestronacor.com\/index.php?rest_route=%2Fwp%2Fv2%2Fcomments&post=653"}],"version-history":[{"count":4,"href":"https:\/\/maestronacor.com\/index.php?rest_route=\/wp\/v2\/posts\/653\/revisions"}],"predecessor-version":[{"id":664,"href":"https:\/\/maestronacor.com\/index.php?rest_route=\/wp\/v2\/posts\/653\/revisions\/664"}],"wp:attachment":[{"href":"https:\/\/maestronacor.com\/index.php?rest_route=%2Fwp%2Fv2%2Fmedia&parent=653"}],"wp:term":[{"taxonomy":"category","embeddable":true,"href":"https:\/\/maestronacor.com\/index.php?rest_route=%2Fwp%2Fv2%2Fcategories&post=653"},{"taxonomy":"post_tag","embeddable":true,"href":"https:\/\/maestronacor.com\/index.php?rest_route=%2Fwp%2Fv2%2Ftags&post=653"}],"curies":[{"name":"wp","href":"https:\/\/api.w.org\/{rel}","templated":true}]}}