{"id":646,"date":"2018-06-23T12:24:47","date_gmt":"2018-06-23T10:24:47","guid":{"rendered":"http:\/\/maestronacor.com\/?p=646"},"modified":"2018-06-23T12:29:51","modified_gmt":"2018-06-23T10:29:51","slug":"resenas","status":"publish","type":"post","link":"https:\/\/maestronacor.com\/?p=646","title":{"rendered":"Rese\u00f1as"},"content":{"rendered":"<p>Hola, buenos d\u00edas, os dejamos unas rese\u00f1as comentando el concierto que tuvimos el placer de ofrecer ayer tarde noche en la plaza de la Catedral, siendo el acto inaugural de las Fiestas y Ferias San Pedro 2018, una vez mas agradecer el cari\u00f1o mostrado.<\/p>\n<p>&nbsp;<\/p>\n<p><a href=\"https:\/\/zamoranews.com\/provinciazamora\/fiestas-populares\/item\/36413-la-banda-de-musica-maestro-nacor-blanco-inaugura-las-fiestas-con-un-concierto-en-la-plaza-de-la-catedral\">https:\/\/zamoranews.com\/provinciazamora\/fiestas-populares\/item\/36413-la-banda-de-musica-maestro-nacor-blanco-inaugura-las-fiestas-con-un-concierto-en-la-plaza-de-la-catedral<\/a><\/p>\n<p>&nbsp;<\/p>\n<p><a href=\"https:\/\/www.zamora24horas.com\/texto-diario\/mostrar\/1119663\/musica-maestro-nacor-blanco-cautiva-zamoranos-plaza-catedral\">https:\/\/www.zamora24horas.com\/texto-diario\/mostrar\/1119663\/musica-maestro-nacor-blanco-cautiva-zamoranos-plaza-catedral<\/a><\/p>\n<p>&nbsp;<\/p>\n<p>&nbsp;<\/p>\n<p><a href=\"http:\/\/zamora3punto0.com\/sonidos-de-nacor-blanco-en-la-plaza-de-la-catedral\/\">http:\/\/zamora3punto0.com\/sonidos-de-nacor-blanco-en-la-plaza-de-la-catedral\/<\/a><\/p>\n<p>&nbsp;<\/p>\n<blockquote class=\"wp-embedded-content\" data-secret=\"OwSfrdgaxJ\"><p><a href=\"https:\/\/www.noticiascyl.com\/zamora\/cultura-zamora\/2018\/06\/23\/el-maestro-que-siempre-esta-presente\/\">El maestro que siempre est\u00e1 presente<\/a><\/p><\/blockquote>\n<p><iframe loading=\"lazy\" class=\"wp-embedded-content\" sandbox=\"allow-scripts\" security=\"restricted\" style=\"position: absolute; clip: rect(1px, 1px, 1px, 1px);\" src=\"https:\/\/www.noticiascyl.com\/zamora\/cultura-zamora\/2018\/06\/23\/el-maestro-que-siempre-esta-presente\/embed\/#?secret=OwSfrdgaxJ\" data-secret=\"OwSfrdgaxJ\" width=\"600\" height=\"338\" title=\"&#8220;El maestro que siempre est\u00e1 presente&#8221; &#8212; Noticiascyl\" frameborder=\"0\" marginwidth=\"0\" marginheight=\"0\" scrolling=\"no\"><\/iframe><\/p>\n","protected":false},"excerpt":{"rendered":"<p>Hola, buenos d\u00edas, os dejamos unas rese\u00f1as comentando el concierto que tuvimos el placer de ofrecer ayer tarde noche en la plaza de la Catedral, siendo el acto inaugural de las Fiestas y Ferias San Pedro 2018, una vez mas agradecer el cari\u00f1o mostrado. &nbsp; https:\/\/zamoranews.com\/provinciazamora\/fiestas-populares\/item\/36413-la-banda-de-musica-maestro-nacor-blanco-inaugura-las-fiestas-con-un-concierto-en-la-plaza-de-la-catedral &nbsp; https:\/\/www.zamora24horas.com\/texto-diario\/mostrar\/1119663\/musica-maestro-nacor-blanco-cautiva-zamoranos-plaza-catedral &nbsp; &nbsp; http:\/\/zamora3punto0.com\/sonidos-de-nacor-blanco-en-la-plaza-de-la-catedral\/ &nbsp; El maestro que [&hellip;]<\/p>\n","protected":false},"author":1,"featured_media":0,"comment_status":"closed","ping_status":"open","sticky":false,"template":"","format":"standard","meta":{"_jetpack_memberships_contains_paid_content":false,"footnotes":""},"categories":[11],"tags":[],"class_list":["post-646","post","type-post","status-publish","format-standard","hentry","category-prensa"],"jetpack_featured_media_url":"","jetpack_sharing_enabled":true,"_links":{"self":[{"href":"https:\/\/maestronacor.com\/index.php?rest_route=\/wp\/v2\/posts\/646","targetHints":{"allow":["GET"]}}],"collection":[{"href":"https:\/\/maestronacor.com\/index.php?rest_route=\/wp\/v2\/posts"}],"about":[{"href":"https:\/\/maestronacor.com\/index.php?rest_route=\/wp\/v2\/types\/post"}],"author":[{"embeddable":true,"href":"https:\/\/maestronacor.com\/index.php?rest_route=\/wp\/v2\/users\/1"}],"replies":[{"embeddable":true,"href":"https:\/\/maestronacor.com\/index.php?rest_route=%2Fwp%2Fv2%2Fcomments&post=646"}],"version-history":[{"count":3,"href":"https:\/\/maestronacor.com\/index.php?rest_route=\/wp\/v2\/posts\/646\/revisions"}],"predecessor-version":[{"id":649,"href":"https:\/\/maestronacor.com\/index.php?rest_route=\/wp\/v2\/posts\/646\/revisions\/649"}],"wp:attachment":[{"href":"https:\/\/maestronacor.com\/index.php?rest_route=%2Fwp%2Fv2%2Fmedia&parent=646"}],"wp:term":[{"taxonomy":"category","embeddable":true,"href":"https:\/\/maestronacor.com\/index.php?rest_route=%2Fwp%2Fv2%2Fcategories&post=646"},{"taxonomy":"post_tag","embeddable":true,"href":"https:\/\/maestronacor.com\/index.php?rest_route=%2Fwp%2Fv2%2Ftags&post=646"}],"curies":[{"name":"wp","href":"https:\/\/api.w.org\/{rel}","templated":true}]}}