{"id":2494,"date":"2024-11-15T10:54:59","date_gmt":"2024-11-15T09:54:59","guid":{"rendered":"https:\/\/maestronacor.com\/?p=2494"},"modified":"2024-11-15T10:55:02","modified_gmt":"2024-11-15T09:55:02","slug":"concierto-santa-cecilia-2024","status":"publish","type":"post","link":"https:\/\/maestronacor.com\/?p=2494","title":{"rendered":"Concierto Santa Cecilia 2024"},"content":{"rendered":"\n<p>El pr\u00f3ximo s\u00e1bado 23 de noviembre tendr\u00e1 lugar nuestro concierto de Santa Cecilia, \u00abCu\u00e9ntame un&nbsp;cuento\u00bb. Leyendas, aventuras, paisajes y personajes con ilustraciones de&nbsp;<a href=\"https:\/\/www.facebook.com\/tallerdepinturaberho?__tn__=-%5DK\"><strong>Taller de Pintura Berh\u00f3<\/strong><\/a>, que nos transportar\u00e1n a otros lugares, a otras vivencias. No te lo puedes perder.<\/p>\n\n\n\n<p>En este concierto queremos mostrar nuestro apoyo a Valencia y a los damnificados por la DANA. Valencia siempre ha sido una ciudad de m\u00fasica, cultura, de bandas. Muchos de nuestros compa\u00f1eros han perdido sus locales de ensayo, instrumentos, etc. Nos gustar\u00eda que una vez que se pueda ir recuperando la \u00abnormalidad\u00bb, estas bandas puedan retomar su actividad musical lo antes posible y que la m\u00fasica pueda volver a estar presente en su vida diaria.<\/p>\n\n\n\n<p>Para ello hemos decidido donar gran parte de la recaudaci\u00f3n de nuestro concierto a la&nbsp;<a href=\"https:\/\/www.facebook.com\/sociedadesmusicales?__tn__=-%5DK\"><strong>FSMCV<\/strong><\/a>&nbsp;(Federaci\u00f3 de Societats Musicals de la Comunitat Valenciana) para que puedan repartir la ayuda a las bandas m\u00e1s necesitas, as\u00ed como crear una fila 0 en la que nuestros seguidores y aquellos que lo deseen puedan colaborar con la causa.<\/p>\n\n\n\n<p>\u00abAyuda a FSMCV Santa Cecilia 2024\u00bb ES5321034605020035758902<\/p>\n\n\n\n<p>Muchas gracias a todos. Nos vemos en&nbsp;<a href=\"https:\/\/www.facebook.com\/teatroramoscarrion?__tn__=-%5DK\"><strong>Teatro Ramos Carri\u00f3n- Diputaci\u00f3n Provincial de Zamora<\/strong><\/a><\/p>\n\n\n\n<p><\/p>\n\n\n\n<figure class=\"wp-block-image size-large\"><a href=\"https:\/\/maestronacor.com\/wp-content\/uploads\/2024\/11\/concierto-santa-cecilia-2024-cartel-scaled.jpg\"><img loading=\"lazy\" decoding=\"async\" width=\"731\" height=\"1024\" src=\"https:\/\/maestronacor.com\/wp-content\/uploads\/2024\/11\/concierto-santa-cecilia-2024-cartel-731x1024.jpg\" alt=\"\" class=\"wp-image-2495\" srcset=\"https:\/\/maestronacor.com\/wp-content\/uploads\/2024\/11\/concierto-santa-cecilia-2024-cartel-731x1024.jpg 731w, https:\/\/maestronacor.com\/wp-content\/uploads\/2024\/11\/concierto-santa-cecilia-2024-cartel-214x300.jpg 214w, https:\/\/maestronacor.com\/wp-content\/uploads\/2024\/11\/concierto-santa-cecilia-2024-cartel-768x1075.jpg 768w, https:\/\/maestronacor.com\/wp-content\/uploads\/2024\/11\/concierto-santa-cecilia-2024-cartel-1097x1536.jpg 1097w, https:\/\/maestronacor.com\/wp-content\/uploads\/2024\/11\/concierto-santa-cecilia-2024-cartel-1463x2048.jpg 1463w, https:\/\/maestronacor.com\/wp-content\/uploads\/2024\/11\/concierto-santa-cecilia-2024-cartel-scaled.jpg 1829w\" sizes=\"auto, (max-width: 731px) 100vw, 731px\" \/><\/a><\/figure>\n","protected":false},"excerpt":{"rendered":"<p>El pr\u00f3ximo s\u00e1bado 23 de noviembre tendr\u00e1 lugar nuestro concierto de Santa Cecilia, \u00abCu\u00e9ntame un&nbsp;cuento\u00bb. Leyendas, aventuras, paisajes y personajes con ilustraciones de&nbsp;Taller de Pintura Berh\u00f3, que nos transportar\u00e1n a otros lugares, a otras vivencias. No te lo puedes perder. En este concierto queremos mostrar nuestro apoyo a Valencia y a los damnificados por la [&hellip;]<\/p>\n","protected":false},"author":1,"featured_media":0,"comment_status":"closed","ping_status":"open","sticky":false,"template":"","format":"standard","meta":{"_jetpack_memberships_contains_paid_content":false,"footnotes":""},"categories":[7],"tags":[],"class_list":["post-2494","post","type-post","status-publish","format-standard","hentry","category-agenda"],"jetpack_featured_media_url":"","jetpack_sharing_enabled":true,"_links":{"self":[{"href":"https:\/\/maestronacor.com\/index.php?rest_route=\/wp\/v2\/posts\/2494","targetHints":{"allow":["GET"]}}],"collection":[{"href":"https:\/\/maestronacor.com\/index.php?rest_route=\/wp\/v2\/posts"}],"about":[{"href":"https:\/\/maestronacor.com\/index.php?rest_route=\/wp\/v2\/types\/post"}],"author":[{"embeddable":true,"href":"https:\/\/maestronacor.com\/index.php?rest_route=\/wp\/v2\/users\/1"}],"replies":[{"embeddable":true,"href":"https:\/\/maestronacor.com\/index.php?rest_route=%2Fwp%2Fv2%2Fcomments&post=2494"}],"version-history":[{"count":1,"href":"https:\/\/maestronacor.com\/index.php?rest_route=\/wp\/v2\/posts\/2494\/revisions"}],"predecessor-version":[{"id":2496,"href":"https:\/\/maestronacor.com\/index.php?rest_route=\/wp\/v2\/posts\/2494\/revisions\/2496"}],"wp:attachment":[{"href":"https:\/\/maestronacor.com\/index.php?rest_route=%2Fwp%2Fv2%2Fmedia&parent=2494"}],"wp:term":[{"taxonomy":"category","embeddable":true,"href":"https:\/\/maestronacor.com\/index.php?rest_route=%2Fwp%2Fv2%2Fcategories&post=2494"},{"taxonomy":"post_tag","embeddable":true,"href":"https:\/\/maestronacor.com\/index.php?rest_route=%2Fwp%2Fv2%2Ftags&post=2494"}],"curies":[{"name":"wp","href":"https:\/\/api.w.org\/{rel}","templated":true}]}}