{"id":2478,"date":"2024-03-08T10:57:41","date_gmt":"2024-03-08T09:57:41","guid":{"rendered":"https:\/\/maestronacor.com\/?p=2478"},"modified":"2024-03-08T10:59:13","modified_gmt":"2024-03-08T09:59:13","slug":"concierto-semana-santa","status":"publish","type":"post","link":"https:\/\/maestronacor.com\/?p=2478","title":{"rendered":"Concierto Semana Santa"},"content":{"rendered":"\n<p>Como cada a\u00f1o antes del comienzo de nuestra querida Semana Santa, tenemos el placer de ofrecer a l@s ciudadanos de Zamora, nuestro tradicional concierto de marchas, este a\u00f1o tenemos dos obras recuperadas que hace tiempo que no toc\u00e1bamos y otras ya conocidas por todos los aficionados a este tipo de m\u00fasica, esperamos que sea de vuestro agrado y pasemos una tarde en compa\u00f1\u00eda de lo que tanto nos gusta, la m\u00fasica. Todos los datos los ten\u00e9is en el magnifico cartel que como siempre nos crea Mar\u00eda.<\/p>\n\n\n\n<figure class=\"wp-block-image size-large\"><a href=\"https:\/\/maestronacor.com\/wp-content\/uploads\/2024\/03\/Ilustracion_sin_titulo-2-scaled.jpg\"><img loading=\"lazy\" decoding=\"async\" width=\"724\" height=\"1024\" src=\"https:\/\/maestronacor.com\/wp-content\/uploads\/2024\/03\/Ilustracion_sin_titulo-2-724x1024.jpg\" alt=\"\" class=\"wp-image-2479\" srcset=\"https:\/\/maestronacor.com\/wp-content\/uploads\/2024\/03\/Ilustracion_sin_titulo-2-724x1024.jpg 724w, https:\/\/maestronacor.com\/wp-content\/uploads\/2024\/03\/Ilustracion_sin_titulo-2-212x300.jpg 212w, https:\/\/maestronacor.com\/wp-content\/uploads\/2024\/03\/Ilustracion_sin_titulo-2-768x1086.jpg 768w, https:\/\/maestronacor.com\/wp-content\/uploads\/2024\/03\/Ilustracion_sin_titulo-2-1086x1536.jpg 1086w, https:\/\/maestronacor.com\/wp-content\/uploads\/2024\/03\/Ilustracion_sin_titulo-2-1448x2048.jpg 1448w, https:\/\/maestronacor.com\/wp-content\/uploads\/2024\/03\/Ilustracion_sin_titulo-2-scaled.jpg 1810w\" sizes=\"auto, (max-width: 724px) 100vw, 724px\" \/><\/a><\/figure>\n","protected":false},"excerpt":{"rendered":"<p>Como cada a\u00f1o antes del comienzo de nuestra querida Semana Santa, tenemos el placer de ofrecer a l@s ciudadanos de Zamora, nuestro tradicional concierto de marchas, este a\u00f1o tenemos dos obras recuperadas que hace tiempo que no toc\u00e1bamos y otras ya conocidas por todos los aficionados a este tipo de m\u00fasica, esperamos que sea de [&hellip;]<\/p>\n","protected":false},"author":1,"featured_media":0,"comment_status":"closed","ping_status":"open","sticky":false,"template":"","format":"standard","meta":{"_jetpack_memberships_contains_paid_content":false,"footnotes":""},"categories":[7],"tags":[],"class_list":["post-2478","post","type-post","status-publish","format-standard","hentry","category-agenda"],"jetpack_featured_media_url":"","jetpack_sharing_enabled":true,"_links":{"self":[{"href":"https:\/\/maestronacor.com\/index.php?rest_route=\/wp\/v2\/posts\/2478","targetHints":{"allow":["GET"]}}],"collection":[{"href":"https:\/\/maestronacor.com\/index.php?rest_route=\/wp\/v2\/posts"}],"about":[{"href":"https:\/\/maestronacor.com\/index.php?rest_route=\/wp\/v2\/types\/post"}],"author":[{"embeddable":true,"href":"https:\/\/maestronacor.com\/index.php?rest_route=\/wp\/v2\/users\/1"}],"replies":[{"embeddable":true,"href":"https:\/\/maestronacor.com\/index.php?rest_route=%2Fwp%2Fv2%2Fcomments&post=2478"}],"version-history":[{"count":2,"href":"https:\/\/maestronacor.com\/index.php?rest_route=\/wp\/v2\/posts\/2478\/revisions"}],"predecessor-version":[{"id":2481,"href":"https:\/\/maestronacor.com\/index.php?rest_route=\/wp\/v2\/posts\/2478\/revisions\/2481"}],"wp:attachment":[{"href":"https:\/\/maestronacor.com\/index.php?rest_route=%2Fwp%2Fv2%2Fmedia&parent=2478"}],"wp:term":[{"taxonomy":"category","embeddable":true,"href":"https:\/\/maestronacor.com\/index.php?rest_route=%2Fwp%2Fv2%2Fcategories&post=2478"},{"taxonomy":"post_tag","embeddable":true,"href":"https:\/\/maestronacor.com\/index.php?rest_route=%2Fwp%2Fv2%2Ftags&post=2478"}],"curies":[{"name":"wp","href":"https:\/\/api.w.org\/{rel}","templated":true}]}}