{"id":2468,"date":"2023-11-24T11:49:28","date_gmt":"2023-11-24T10:49:28","guid":{"rendered":"https:\/\/maestronacor.com\/?p=2468"},"modified":"2023-11-24T12:08:19","modified_gmt":"2023-11-24T11:08:19","slug":"concierto-santa-cecilia-2023","status":"publish","type":"post","link":"https:\/\/maestronacor.com\/?p=2468","title":{"rendered":"Concierto Santa Cecilia 2023"},"content":{"rendered":"\n<figure class=\"wp-block-image size-large\"><a href=\"https:\/\/maestronacor.com\/wp-content\/uploads\/2023\/11\/00-scaled.jpg\"><img loading=\"lazy\" decoding=\"async\" width=\"724\" height=\"1024\" src=\"https:\/\/maestronacor.com\/wp-content\/uploads\/2023\/11\/00-724x1024.jpg\" alt=\"\" class=\"wp-image-2469\" srcset=\"https:\/\/maestronacor.com\/wp-content\/uploads\/2023\/11\/00-724x1024.jpg 724w, https:\/\/maestronacor.com\/wp-content\/uploads\/2023\/11\/00-212x300.jpg 212w, https:\/\/maestronacor.com\/wp-content\/uploads\/2023\/11\/00-768x1086.jpg 768w, https:\/\/maestronacor.com\/wp-content\/uploads\/2023\/11\/00-1086x1536.jpg 1086w, https:\/\/maestronacor.com\/wp-content\/uploads\/2023\/11\/00-1448x2048.jpg 1448w, https:\/\/maestronacor.com\/wp-content\/uploads\/2023\/11\/00-scaled.jpg 1810w\" sizes=\"auto, (max-width: 724px) 100vw, 724px\" \/><\/a><\/figure>\n\n\n\n<p>Como cada a\u00f1o tenemos el placer de ofrecer en el Teatro Ramos Carri\u00f3n nuestro tradicional concierto de Santa Cecilia, este a\u00f1o contamos con una gran cantidad de nuevos miembros que se han incorporado al proyecto que iniciamos hace ya 17 a\u00f1os de formar una nueva Banda de M\u00fasica en Zamora, nuestra ambici\u00f3n era y es, poder ofrecer a nuestra querida Zamora, lo que para nosotros es muy importante \u201cM\u00fasica \u201c, en cualquiera de sus m\u00faltiples formas, conciertos, procesiones, desfiles, pasacalles, eventos, etc. <\/p>\n\n\n\n<p>Este a\u00f1o tenemos para ofreceros un repertorio que esperamos os guste y os haga disfrutar de la m\u00fasica, el pr\u00f3ximo d\u00eda 25 de noviembre de 2023 a las 20:00 Horas en el Teatro Ramos Carri\u00f3n, os esperamos a todos los que quer\u00e1is venir a conocernos y ver el gran trabajo que se est\u00e1 haciendo por parte de todos los miembros de La Banda de M\u00fasica Maestro Nacor Blanco. <\/p>\n\n\n\n<p>REPERTORIO<\/p>\n\n\n\n<p>Cielo andaluz &nbsp;&nbsp;&nbsp;&nbsp;&nbsp;&nbsp;&nbsp;&nbsp;&nbsp;&nbsp;&nbsp;&nbsp;&nbsp;&nbsp;&nbsp;&nbsp;&nbsp;&nbsp;&nbsp;&nbsp;&nbsp;&nbsp;&nbsp;&nbsp;&nbsp;&nbsp;&nbsp;&nbsp;&nbsp;&nbsp;&nbsp;&nbsp;&nbsp;&nbsp;&nbsp;&nbsp;&nbsp;&nbsp;&nbsp;&nbsp;&nbsp;&nbsp;&nbsp;&nbsp;Pascual Marquina<\/p>\n\n\n\n<p>Forrest Gump&nbsp;&nbsp;&nbsp;&nbsp;&nbsp;&nbsp;&nbsp;&nbsp;&nbsp;&nbsp;&nbsp;&nbsp;&nbsp;&nbsp;&nbsp;&nbsp;&nbsp; &nbsp;&nbsp;&nbsp;&nbsp;&nbsp;&nbsp;&nbsp;&nbsp;&nbsp;&nbsp;&nbsp;&nbsp;&nbsp;&nbsp;&nbsp;&nbsp;&nbsp;&nbsp;&nbsp;&nbsp;&nbsp;&nbsp;&nbsp;&nbsp;&nbsp;&nbsp;Alan Silvestri, Arr. Henk Ummels<\/p>\n\n\n\n<p>La verbena de la paloma&nbsp; &nbsp;&nbsp;&nbsp;&nbsp;&nbsp;&nbsp;&nbsp;&nbsp;&nbsp;&nbsp;&nbsp;&nbsp;&nbsp;&nbsp;&nbsp;&nbsp;&nbsp;&nbsp;&nbsp;&nbsp;&nbsp;&nbsp;&nbsp;Maestro Bret\u00f3n<\/p>\n\n\n\n<p>El arca de No\u00e9&nbsp;&nbsp;&nbsp;&nbsp;&nbsp;&nbsp;&nbsp;&nbsp;&nbsp;&nbsp;&nbsp;&nbsp;&nbsp;&nbsp;&nbsp;&nbsp;&nbsp;&nbsp;&nbsp;&nbsp;&nbsp;&nbsp;&nbsp; &nbsp;&nbsp;&nbsp;&nbsp;&nbsp;&nbsp;&nbsp;&nbsp;&nbsp;&nbsp;&nbsp;&nbsp;&nbsp;&nbsp;&nbsp;&nbsp;&nbsp;&nbsp;&nbsp;Bert Appermont<\/p>\n\n\n\n<p>Bienvenidos&nbsp;&nbsp;&nbsp;&nbsp;&nbsp;&nbsp;&nbsp;&nbsp;&nbsp;&nbsp;&nbsp;&nbsp;&nbsp;&nbsp;&nbsp;&nbsp;&nbsp;&nbsp;&nbsp;&nbsp;&nbsp;&nbsp;&nbsp;&nbsp;&nbsp;&nbsp;&nbsp; &nbsp;&nbsp;&nbsp;&nbsp;&nbsp;&nbsp;&nbsp;&nbsp;&nbsp;&nbsp;&nbsp;&nbsp;&nbsp;&nbsp;&nbsp;&nbsp;&nbsp;&nbsp;&nbsp;Miguel Rios, Arr. Abd\u00f3n L\u00f3pez<\/p>\n\n\n\n<p>Medley Boleros II&nbsp;&nbsp;&nbsp;&nbsp;&nbsp;&nbsp;&nbsp;&nbsp;&nbsp;&nbsp;&nbsp;&nbsp;&nbsp;&nbsp;&nbsp;&nbsp;&nbsp;&nbsp; &nbsp;&nbsp;&nbsp;&nbsp;&nbsp;&nbsp;&nbsp;&nbsp;&nbsp;&nbsp;&nbsp;&nbsp;&nbsp;&nbsp;&nbsp;&nbsp;&nbsp;&nbsp;&nbsp;C.Velazquez, J.Brito, O.Farr\u00e9s, Arr. J.Molina<\/p>\n\n\n\n<p>Pop espa\u00f1ol&nbsp;&nbsp;&nbsp;&nbsp;&nbsp;&nbsp;&nbsp;&nbsp;&nbsp;&nbsp;&nbsp;&nbsp;&nbsp;&nbsp;&nbsp;&nbsp;&nbsp;&nbsp;&nbsp;&nbsp;&nbsp;&nbsp;&nbsp;&nbsp;&nbsp;&nbsp;&nbsp;&nbsp; &nbsp;&nbsp;&nbsp;&nbsp;&nbsp;&nbsp;&nbsp;&nbsp;&nbsp;&nbsp;&nbsp;&nbsp;&nbsp;&nbsp;&nbsp;&nbsp;&nbsp;&nbsp;&nbsp;Arreglista. Manuel Castrej\u00f3n Navarro<\/p>\n\n\n\n<p>Nothing Else Matters&nbsp;&nbsp;&nbsp;&nbsp;&nbsp;&nbsp;&nbsp;&nbsp;&nbsp;&nbsp;&nbsp;&nbsp; &nbsp;&nbsp;&nbsp;&nbsp;&nbsp;&nbsp;&nbsp;&nbsp;&nbsp;&nbsp;&nbsp;&nbsp;&nbsp;&nbsp;&nbsp;&nbsp;&nbsp;&nbsp;&nbsp;&nbsp;Metallica, Arr. Lorenzo Bocci<\/p>\n\n\n\n<p>Nino Bravo en Concierto&nbsp;&nbsp;&nbsp;&nbsp; &nbsp;&nbsp;&nbsp;&nbsp;&nbsp;&nbsp;&nbsp;&nbsp;&nbsp;&nbsp;&nbsp;&nbsp;&nbsp;&nbsp;&nbsp;&nbsp;&nbsp;&nbsp;&nbsp;&nbsp;&nbsp;&nbsp;Arreglista, Manuel Calero Garc\u00eda<\/p>\n\n\n\n<p>Medley Alaska\u00a0\u00a0\u00a0\u00a0\u00a0\u00a0\u00a0\u00a0\u00a0\u00a0\u00a0\u00a0\u00a0\u00a0\u00a0\u00a0\u00a0\u00a0\u00a0\u00a0\u00a0\u00a0\u00a0\u00a0 \u00a0\u00a0\u00a0\u00a0\u00a0\u00a0\u00a0\u00a0\u00a0\u00a0\u00a0\u00a0\u00a0\u00a0\u00a0\u00a0\u00a0\u00a0\u00a0Arreglista, Azael Tormo.<\/p>\n\n\n\n<p><\/p>\n","protected":false},"excerpt":{"rendered":"<p>Como cada a\u00f1o tenemos el placer de ofrecer en el Teatro Ramos Carri\u00f3n nuestro tradicional concierto de Santa Cecilia, este a\u00f1o contamos con una gran cantidad de nuevos miembros que se han incorporado al proyecto que iniciamos hace ya 17 a\u00f1os de formar una nueva Banda de M\u00fasica en Zamora, nuestra ambici\u00f3n era y es, [&hellip;]<\/p>\n","protected":false},"author":1,"featured_media":0,"comment_status":"closed","ping_status":"open","sticky":false,"template":"","format":"standard","meta":{"_jetpack_memberships_contains_paid_content":false,"footnotes":""},"categories":[7],"tags":[],"class_list":["post-2468","post","type-post","status-publish","format-standard","hentry","category-agenda"],"jetpack_featured_media_url":"","jetpack_sharing_enabled":true,"_links":{"self":[{"href":"https:\/\/maestronacor.com\/index.php?rest_route=\/wp\/v2\/posts\/2468","targetHints":{"allow":["GET"]}}],"collection":[{"href":"https:\/\/maestronacor.com\/index.php?rest_route=\/wp\/v2\/posts"}],"about":[{"href":"https:\/\/maestronacor.com\/index.php?rest_route=\/wp\/v2\/types\/post"}],"author":[{"embeddable":true,"href":"https:\/\/maestronacor.com\/index.php?rest_route=\/wp\/v2\/users\/1"}],"replies":[{"embeddable":true,"href":"https:\/\/maestronacor.com\/index.php?rest_route=%2Fwp%2Fv2%2Fcomments&post=2468"}],"version-history":[{"count":3,"href":"https:\/\/maestronacor.com\/index.php?rest_route=\/wp\/v2\/posts\/2468\/revisions"}],"predecessor-version":[{"id":2473,"href":"https:\/\/maestronacor.com\/index.php?rest_route=\/wp\/v2\/posts\/2468\/revisions\/2473"}],"wp:attachment":[{"href":"https:\/\/maestronacor.com\/index.php?rest_route=%2Fwp%2Fv2%2Fmedia&parent=2468"}],"wp:term":[{"taxonomy":"category","embeddable":true,"href":"https:\/\/maestronacor.com\/index.php?rest_route=%2Fwp%2Fv2%2Fcategories&post=2468"},{"taxonomy":"post_tag","embeddable":true,"href":"https:\/\/maestronacor.com\/index.php?rest_route=%2Fwp%2Fv2%2Ftags&post=2468"}],"curies":[{"name":"wp","href":"https:\/\/api.w.org\/{rel}","templated":true}]}}