{"id":2445,"date":"2023-03-05T11:09:35","date_gmt":"2023-03-05T10:09:35","guid":{"rendered":"https:\/\/maestronacor.com\/?p=2445"},"modified":"2023-03-05T11:21:52","modified_gmt":"2023-03-05T10:21:52","slug":"pasion-y-vida","status":"publish","type":"post","link":"https:\/\/maestronacor.com\/?p=2445","title":{"rendered":"Pasi\u00f3n y Vida"},"content":{"rendered":"\n<p>Empezamos los conciertos de Semana Santa el pr\u00f3ximo d\u00eda 18 de marzo acompa\u00f1ando a nuestros queridos amigos de la Banda de M\u00fasica Villa de Olmedo, en un concierto conjunto para la cofrad\u00eda de La Santa Vera Cruz, el concierto constara de dos partes en las cuales cada una de las Bandas interpretara obras ya conocidas de nuestra querida Semana Santa. <\/p>\n\n\n\n<p>Por nuestra parte tenemos el placer de estrenar una nueva Marcha que pasara a formar parte del amplio repertorio de marchas de la Semana Santa Zamora.<\/p>\n\n\n\n<p>\u201cEncuentro, Obra escrita por Jos\u00e9 Luis Santiago Cach\u00f3n \u201c, os esperamos para dar comienzo a los m\u00faltiples conciertos que tendr\u00e1n lugar estos d\u00edas en Zamora para celebrar La Semana Santa Zamora de 2023, os esperamos.<\/p>\n\n\n\n<figure class=\"wp-block-image size-large\"><a href=\"https:\/\/maestronacor.com\/wp-content\/uploads\/2023\/03\/01-scaled.jpg\"><img loading=\"lazy\" decoding=\"async\" width=\"528\" height=\"1024\" src=\"https:\/\/maestronacor.com\/wp-content\/uploads\/2023\/03\/01-528x1024.jpg\" alt=\"\" class=\"wp-image-2446\" srcset=\"https:\/\/maestronacor.com\/wp-content\/uploads\/2023\/03\/01-528x1024.jpg 528w, https:\/\/maestronacor.com\/wp-content\/uploads\/2023\/03\/01-155x300.jpg 155w, https:\/\/maestronacor.com\/wp-content\/uploads\/2023\/03\/01-768x1490.jpg 768w, https:\/\/maestronacor.com\/wp-content\/uploads\/2023\/03\/01-792x1536.jpg 792w, https:\/\/maestronacor.com\/wp-content\/uploads\/2023\/03\/01-1056x2048.jpg 1056w, https:\/\/maestronacor.com\/wp-content\/uploads\/2023\/03\/01-scaled.jpg 1320w\" sizes=\"auto, (max-width: 528px) 100vw, 528px\" \/><\/a><\/figure>\n","protected":false},"excerpt":{"rendered":"<p>Empezamos los conciertos de Semana Santa el pr\u00f3ximo d\u00eda 18 de marzo acompa\u00f1ando a nuestros queridos amigos de la Banda de M\u00fasica Villa de Olmedo, en un concierto conjunto para la cofrad\u00eda de La Santa Vera Cruz, el concierto constara de dos partes en las cuales cada una de las Bandas interpretara obras ya conocidas [&hellip;]<\/p>\n","protected":false},"author":1,"featured_media":0,"comment_status":"closed","ping_status":"open","sticky":false,"template":"","format":"standard","meta":{"_jetpack_memberships_contains_paid_content":false,"footnotes":""},"categories":[7],"tags":[],"class_list":["post-2445","post","type-post","status-publish","format-standard","hentry","category-agenda"],"jetpack_featured_media_url":"","jetpack_sharing_enabled":true,"_links":{"self":[{"href":"https:\/\/maestronacor.com\/index.php?rest_route=\/wp\/v2\/posts\/2445","targetHints":{"allow":["GET"]}}],"collection":[{"href":"https:\/\/maestronacor.com\/index.php?rest_route=\/wp\/v2\/posts"}],"about":[{"href":"https:\/\/maestronacor.com\/index.php?rest_route=\/wp\/v2\/types\/post"}],"author":[{"embeddable":true,"href":"https:\/\/maestronacor.com\/index.php?rest_route=\/wp\/v2\/users\/1"}],"replies":[{"embeddable":true,"href":"https:\/\/maestronacor.com\/index.php?rest_route=%2Fwp%2Fv2%2Fcomments&post=2445"}],"version-history":[{"count":5,"href":"https:\/\/maestronacor.com\/index.php?rest_route=\/wp\/v2\/posts\/2445\/revisions"}],"predecessor-version":[{"id":2454,"href":"https:\/\/maestronacor.com\/index.php?rest_route=\/wp\/v2\/posts\/2445\/revisions\/2454"}],"wp:attachment":[{"href":"https:\/\/maestronacor.com\/index.php?rest_route=%2Fwp%2Fv2%2Fmedia&parent=2445"}],"wp:term":[{"taxonomy":"category","embeddable":true,"href":"https:\/\/maestronacor.com\/index.php?rest_route=%2Fwp%2Fv2%2Fcategories&post=2445"},{"taxonomy":"post_tag","embeddable":true,"href":"https:\/\/maestronacor.com\/index.php?rest_route=%2Fwp%2Fv2%2Ftags&post=2445"}],"curies":[{"name":"wp","href":"https:\/\/api.w.org\/{rel}","templated":true}]}}