{"id":2405,"date":"2022-09-11T12:02:16","date_gmt":"2022-09-11T10:02:16","guid":{"rendered":"https:\/\/maestronacor.com\/?p=2405"},"modified":"2022-09-11T12:02:19","modified_gmt":"2022-09-11T10:02:19","slug":"procesion-virgen-de-la-saleta","status":"publish","type":"post","link":"https:\/\/maestronacor.com\/?p=2405","title":{"rendered":"Procesi\u00f3n Virgen de la Saleta"},"content":{"rendered":"\n<p>El pr\u00f3ximo S\u00e1bado d\u00eda 17 de Septiembre, acompa\u00f1aremos a la cofrad\u00eda de la Virgen de la Saleta en su recorrido por las calles de Zamora.<\/p>\n\n\n\n<figure class=\"wp-block-image size-full\"><a href=\"https:\/\/maestronacor.com\/wp-content\/uploads\/2022\/09\/2022-copy-597x1024-1.jpg\"><img loading=\"lazy\" decoding=\"async\" width=\"597\" height=\"1024\" src=\"https:\/\/maestronacor.com\/wp-content\/uploads\/2022\/09\/2022-copy-597x1024-1.jpg\" alt=\"\" class=\"wp-image-2406\" srcset=\"https:\/\/maestronacor.com\/wp-content\/uploads\/2022\/09\/2022-copy-597x1024-1.jpg 597w, https:\/\/maestronacor.com\/wp-content\/uploads\/2022\/09\/2022-copy-597x1024-1-175x300.jpg 175w\" sizes=\"auto, (max-width: 597px) 100vw, 597px\" \/><\/a><\/figure>\n","protected":false},"excerpt":{"rendered":"<p>El pr\u00f3ximo S\u00e1bado d\u00eda 17 de Septiembre, acompa\u00f1aremos a la cofrad\u00eda de la Virgen de la Saleta en su recorrido por las calles de Zamora.<\/p>\n","protected":false},"author":1,"featured_media":0,"comment_status":"closed","ping_status":"open","sticky":false,"template":"","format":"standard","meta":{"_jetpack_memberships_contains_paid_content":false,"footnotes":""},"categories":[7],"tags":[],"class_list":["post-2405","post","type-post","status-publish","format-standard","hentry","category-agenda"],"jetpack_featured_media_url":"","jetpack_sharing_enabled":true,"_links":{"self":[{"href":"https:\/\/maestronacor.com\/index.php?rest_route=\/wp\/v2\/posts\/2405","targetHints":{"allow":["GET"]}}],"collection":[{"href":"https:\/\/maestronacor.com\/index.php?rest_route=\/wp\/v2\/posts"}],"about":[{"href":"https:\/\/maestronacor.com\/index.php?rest_route=\/wp\/v2\/types\/post"}],"author":[{"embeddable":true,"href":"https:\/\/maestronacor.com\/index.php?rest_route=\/wp\/v2\/users\/1"}],"replies":[{"embeddable":true,"href":"https:\/\/maestronacor.com\/index.php?rest_route=%2Fwp%2Fv2%2Fcomments&post=2405"}],"version-history":[{"count":1,"href":"https:\/\/maestronacor.com\/index.php?rest_route=\/wp\/v2\/posts\/2405\/revisions"}],"predecessor-version":[{"id":2407,"href":"https:\/\/maestronacor.com\/index.php?rest_route=\/wp\/v2\/posts\/2405\/revisions\/2407"}],"wp:attachment":[{"href":"https:\/\/maestronacor.com\/index.php?rest_route=%2Fwp%2Fv2%2Fmedia&parent=2405"}],"wp:term":[{"taxonomy":"category","embeddable":true,"href":"https:\/\/maestronacor.com\/index.php?rest_route=%2Fwp%2Fv2%2Fcategories&post=2405"},{"taxonomy":"post_tag","embeddable":true,"href":"https:\/\/maestronacor.com\/index.php?rest_route=%2Fwp%2Fv2%2Ftags&post=2405"}],"curies":[{"name":"wp","href":"https:\/\/api.w.org\/{rel}","templated":true}]}}