{"id":2402,"date":"2022-09-11T11:59:21","date_gmt":"2022-09-11T09:59:21","guid":{"rendered":"https:\/\/maestronacor.com\/?p=2402"},"modified":"2022-09-11T11:59:24","modified_gmt":"2022-09-11T09:59:24","slug":"procesion-exaltacion-de-la-cruz","status":"publish","type":"post","link":"https:\/\/maestronacor.com\/?p=2402","title":{"rendered":"Procesi\u00f3n Exaltaci\u00f3n de la Cruz"},"content":{"rendered":"\n<p>Pudiendo realizar los actos procesionales otra vez despu\u00e9s de las restricciones de estos \u00faltimos a\u00f1os, volvemos a procesionar con la cofrad\u00eda como todos los a\u00f1os. El recorrido se ve alterado debido a la gran cantidad de Ferias que hay estos d\u00edas en la ciudad. Salida y entrada en el Museo de Semana Santa.<\/p>\n\n\n\n<figure class=\"wp-block-image size-large\"><a href=\"https:\/\/maestronacor.com\/wp-content\/uploads\/2022\/09\/302343814_10160826313329505_3051120457188155779_n.jpg\"><img loading=\"lazy\" decoding=\"async\" width=\"599\" height=\"1024\" src=\"https:\/\/maestronacor.com\/wp-content\/uploads\/2022\/09\/302343814_10160826313329505_3051120457188155779_n-599x1024.jpg\" alt=\"\" class=\"wp-image-2403\" srcset=\"https:\/\/maestronacor.com\/wp-content\/uploads\/2022\/09\/302343814_10160826313329505_3051120457188155779_n-599x1024.jpg 599w, https:\/\/maestronacor.com\/wp-content\/uploads\/2022\/09\/302343814_10160826313329505_3051120457188155779_n-176x300.jpg 176w, https:\/\/maestronacor.com\/wp-content\/uploads\/2022\/09\/302343814_10160826313329505_3051120457188155779_n-768x1312.jpg 768w, https:\/\/maestronacor.com\/wp-content\/uploads\/2022\/09\/302343814_10160826313329505_3051120457188155779_n-899x1536.jpg 899w, https:\/\/maestronacor.com\/wp-content\/uploads\/2022\/09\/302343814_10160826313329505_3051120457188155779_n.jpg 1170w\" sizes=\"auto, (max-width: 599px) 100vw, 599px\" \/><\/a><\/figure>\n","protected":false},"excerpt":{"rendered":"<p>Pudiendo realizar los actos procesionales otra vez despu\u00e9s de las restricciones de estos \u00faltimos a\u00f1os, volvemos a procesionar con la cofrad\u00eda como todos los a\u00f1os. El recorrido se ve alterado debido a la gran cantidad de Ferias que hay estos d\u00edas en la ciudad. Salida y entrada en el Museo de Semana Santa.<\/p>\n","protected":false},"author":1,"featured_media":0,"comment_status":"closed","ping_status":"open","sticky":false,"template":"","format":"standard","meta":{"_jetpack_memberships_contains_paid_content":false,"footnotes":""},"categories":[7],"tags":[],"class_list":["post-2402","post","type-post","status-publish","format-standard","hentry","category-agenda"],"jetpack_featured_media_url":"","jetpack_sharing_enabled":true,"_links":{"self":[{"href":"https:\/\/maestronacor.com\/index.php?rest_route=\/wp\/v2\/posts\/2402","targetHints":{"allow":["GET"]}}],"collection":[{"href":"https:\/\/maestronacor.com\/index.php?rest_route=\/wp\/v2\/posts"}],"about":[{"href":"https:\/\/maestronacor.com\/index.php?rest_route=\/wp\/v2\/types\/post"}],"author":[{"embeddable":true,"href":"https:\/\/maestronacor.com\/index.php?rest_route=\/wp\/v2\/users\/1"}],"replies":[{"embeddable":true,"href":"https:\/\/maestronacor.com\/index.php?rest_route=%2Fwp%2Fv2%2Fcomments&post=2402"}],"version-history":[{"count":1,"href":"https:\/\/maestronacor.com\/index.php?rest_route=\/wp\/v2\/posts\/2402\/revisions"}],"predecessor-version":[{"id":2404,"href":"https:\/\/maestronacor.com\/index.php?rest_route=\/wp\/v2\/posts\/2402\/revisions\/2404"}],"wp:attachment":[{"href":"https:\/\/maestronacor.com\/index.php?rest_route=%2Fwp%2Fv2%2Fmedia&parent=2402"}],"wp:term":[{"taxonomy":"category","embeddable":true,"href":"https:\/\/maestronacor.com\/index.php?rest_route=%2Fwp%2Fv2%2Fcategories&post=2402"},{"taxonomy":"post_tag","embeddable":true,"href":"https:\/\/maestronacor.com\/index.php?rest_route=%2Fwp%2Fv2%2Ftags&post=2402"}],"curies":[{"name":"wp","href":"https:\/\/api.w.org\/{rel}","templated":true}]}}