{"id":2379,"date":"2022-08-14T19:21:39","date_gmt":"2022-08-14T17:21:39","guid":{"rendered":"https:\/\/maestronacor.com\/?p=2379"},"modified":"2022-08-14T19:23:33","modified_gmt":"2022-08-14T17:23:33","slug":"concierto-en-trefacio","status":"publish","type":"post","link":"https:\/\/maestronacor.com\/?p=2379","title":{"rendered":"Concierto en Trefacio"},"content":{"rendered":"\n<p><\/p>\n\n\n\n<p>El pr\u00f3ximo d\u00eda 17 de Agosto, tenemos el placer de actuar en Trefacio, hace a\u00f1os que intentamos ir a este hermoso pueblo de la comarca de Sanabria, y este a\u00f1o por fin podemos hacer realidad este concierto, os esperamos para que pod\u00e1is disfrutar de unos minutos de m\u00fasica, el concierto comenzara a las 20:00, hasta pronto.<\/p>\n\n\n\n<p><\/p>\n\n\n\n<figure class=\"wp-block-image size-large\"><a href=\"https:\/\/maestronacor.com\/wp-content\/uploads\/2022\/08\/WhatsApp-Image-2022-08-14-at-9.39.59-AM.jpeg\"><img loading=\"lazy\" decoding=\"async\" width=\"724\" height=\"1024\" src=\"https:\/\/maestronacor.com\/wp-content\/uploads\/2022\/08\/WhatsApp-Image-2022-08-14-at-9.39.59-AM-724x1024.jpeg\" alt=\"\" class=\"wp-image-2380\" srcset=\"https:\/\/maestronacor.com\/wp-content\/uploads\/2022\/08\/WhatsApp-Image-2022-08-14-at-9.39.59-AM-724x1024.jpeg 724w, https:\/\/maestronacor.com\/wp-content\/uploads\/2022\/08\/WhatsApp-Image-2022-08-14-at-9.39.59-AM-212x300.jpeg 212w, https:\/\/maestronacor.com\/wp-content\/uploads\/2022\/08\/WhatsApp-Image-2022-08-14-at-9.39.59-AM-768x1086.jpeg 768w, https:\/\/maestronacor.com\/wp-content\/uploads\/2022\/08\/WhatsApp-Image-2022-08-14-at-9.39.59-AM-1086x1536.jpeg 1086w, https:\/\/maestronacor.com\/wp-content\/uploads\/2022\/08\/WhatsApp-Image-2022-08-14-at-9.39.59-AM.jpeg 1131w\" sizes=\"auto, (max-width: 724px) 100vw, 724px\" \/><\/a><\/figure>\n\n\n\n<p><\/p>\n\n\n\n<p><\/p>\n","protected":false},"excerpt":{"rendered":"<p>El pr\u00f3ximo d\u00eda 17 de Agosto, tenemos el placer de actuar en Trefacio, hace a\u00f1os que intentamos ir a este hermoso pueblo de la comarca de Sanabria, y este a\u00f1o por fin podemos hacer realidad este concierto, os esperamos para que pod\u00e1is disfrutar de unos minutos de m\u00fasica, el concierto comenzara a las 20:00, hasta [&hellip;]<\/p>\n","protected":false},"author":1,"featured_media":0,"comment_status":"closed","ping_status":"open","sticky":false,"template":"","format":"standard","meta":{"_jetpack_memberships_contains_paid_content":false,"footnotes":""},"categories":[7],"tags":[],"class_list":["post-2379","post","type-post","status-publish","format-standard","hentry","category-agenda"],"jetpack_featured_media_url":"","jetpack_sharing_enabled":true,"_links":{"self":[{"href":"https:\/\/maestronacor.com\/index.php?rest_route=\/wp\/v2\/posts\/2379","targetHints":{"allow":["GET"]}}],"collection":[{"href":"https:\/\/maestronacor.com\/index.php?rest_route=\/wp\/v2\/posts"}],"about":[{"href":"https:\/\/maestronacor.com\/index.php?rest_route=\/wp\/v2\/types\/post"}],"author":[{"embeddable":true,"href":"https:\/\/maestronacor.com\/index.php?rest_route=\/wp\/v2\/users\/1"}],"replies":[{"embeddable":true,"href":"https:\/\/maestronacor.com\/index.php?rest_route=%2Fwp%2Fv2%2Fcomments&post=2379"}],"version-history":[{"count":2,"href":"https:\/\/maestronacor.com\/index.php?rest_route=\/wp\/v2\/posts\/2379\/revisions"}],"predecessor-version":[{"id":2382,"href":"https:\/\/maestronacor.com\/index.php?rest_route=\/wp\/v2\/posts\/2379\/revisions\/2382"}],"wp:attachment":[{"href":"https:\/\/maestronacor.com\/index.php?rest_route=%2Fwp%2Fv2%2Fmedia&parent=2379"}],"wp:term":[{"taxonomy":"category","embeddable":true,"href":"https:\/\/maestronacor.com\/index.php?rest_route=%2Fwp%2Fv2%2Fcategories&post=2379"},{"taxonomy":"post_tag","embeddable":true,"href":"https:\/\/maestronacor.com\/index.php?rest_route=%2Fwp%2Fv2%2Ftags&post=2379"}],"curies":[{"name":"wp","href":"https:\/\/api.w.org\/{rel}","templated":true}]}}