{"id":2332,"date":"2021-08-31T17:12:57","date_gmt":"2021-08-31T15:12:57","guid":{"rendered":"https:\/\/maestronacor.com\/?p=2332"},"modified":"2021-08-31T17:14:12","modified_gmt":"2021-08-31T15:14:12","slug":"comienzo-de-una-nueva-temporada","status":"publish","type":"post","link":"https:\/\/maestronacor.com\/?p=2332","title":{"rendered":"Comienzo de una nueva temporada."},"content":{"rendered":"\n<p>Retomamos nuestra agenda musical, el pr\u00f3ximo mes de septiembre tendremos varias actuaciones, os contamos lugares y horas por si quer\u00e9is acompa\u00f1arnos en las mismas.&nbsp;<\/p>\n\n\n\n<p>El d\u00eda 8 de septiembre a las 20:00 h, concierto en la parroquia de Cristo Rey, dentro de los actos culturales organizados por la Cofrad\u00eda de Nuestra Se\u00f1ora de la Pe\u00f1a de Francia, en el cual interpretaremos marchas de nuestra tradicional Semana Santa.<\/p>\n\n\n\n<figure class=\"wp-block-image size-large\"><a href=\"https:\/\/maestronacor.com\/wp-content\/uploads\/2021\/08\/01-Cartel-Novenario-Pena-Francia-2021-1.jpg\"><img loading=\"lazy\" decoding=\"async\" width=\"723\" height=\"1024\" src=\"https:\/\/maestronacor.com\/wp-content\/uploads\/2021\/08\/01-Cartel-Novenario-Pena-Francia-2021-1-723x1024.jpg\" alt=\"\" class=\"wp-image-2334\" srcset=\"https:\/\/maestronacor.com\/wp-content\/uploads\/2021\/08\/01-Cartel-Novenario-Pena-Francia-2021-1-723x1024.jpg 723w, https:\/\/maestronacor.com\/wp-content\/uploads\/2021\/08\/01-Cartel-Novenario-Pena-Francia-2021-1-212x300.jpg 212w, https:\/\/maestronacor.com\/wp-content\/uploads\/2021\/08\/01-Cartel-Novenario-Pena-Francia-2021-1-768x1088.jpg 768w, https:\/\/maestronacor.com\/wp-content\/uploads\/2021\/08\/01-Cartel-Novenario-Pena-Francia-2021-1-1084x1536.jpg 1084w, https:\/\/maestronacor.com\/wp-content\/uploads\/2021\/08\/01-Cartel-Novenario-Pena-Francia-2021-1-1446x2048.jpg 1446w, https:\/\/maestronacor.com\/wp-content\/uploads\/2021\/08\/01-Cartel-Novenario-Pena-Francia-2021-1.jpg 1750w\" sizes=\"auto, (max-width: 723px) 100vw, 723px\" \/><\/a><\/figure>\n","protected":false},"excerpt":{"rendered":"<p>Retomamos nuestra agenda musical, el pr\u00f3ximo mes de septiembre tendremos varias actuaciones, os contamos lugares y horas por si quer\u00e9is acompa\u00f1arnos en las mismas.&nbsp; El d\u00eda 8 de septiembre a las 20:00 h, concierto en la parroquia de Cristo Rey, dentro de los actos culturales organizados por la Cofrad\u00eda de Nuestra Se\u00f1ora de la Pe\u00f1a [&hellip;]<\/p>\n","protected":false},"author":1,"featured_media":0,"comment_status":"closed","ping_status":"open","sticky":false,"template":"","format":"standard","meta":{"_jetpack_memberships_contains_paid_content":false,"footnotes":""},"categories":[7],"tags":[],"class_list":["post-2332","post","type-post","status-publish","format-standard","hentry","category-agenda"],"jetpack_featured_media_url":"","jetpack_sharing_enabled":true,"_links":{"self":[{"href":"https:\/\/maestronacor.com\/index.php?rest_route=\/wp\/v2\/posts\/2332","targetHints":{"allow":["GET"]}}],"collection":[{"href":"https:\/\/maestronacor.com\/index.php?rest_route=\/wp\/v2\/posts"}],"about":[{"href":"https:\/\/maestronacor.com\/index.php?rest_route=\/wp\/v2\/types\/post"}],"author":[{"embeddable":true,"href":"https:\/\/maestronacor.com\/index.php?rest_route=\/wp\/v2\/users\/1"}],"replies":[{"embeddable":true,"href":"https:\/\/maestronacor.com\/index.php?rest_route=%2Fwp%2Fv2%2Fcomments&post=2332"}],"version-history":[{"count":1,"href":"https:\/\/maestronacor.com\/index.php?rest_route=\/wp\/v2\/posts\/2332\/revisions"}],"predecessor-version":[{"id":2335,"href":"https:\/\/maestronacor.com\/index.php?rest_route=\/wp\/v2\/posts\/2332\/revisions\/2335"}],"wp:attachment":[{"href":"https:\/\/maestronacor.com\/index.php?rest_route=%2Fwp%2Fv2%2Fmedia&parent=2332"}],"wp:term":[{"taxonomy":"category","embeddable":true,"href":"https:\/\/maestronacor.com\/index.php?rest_route=%2Fwp%2Fv2%2Fcategories&post=2332"},{"taxonomy":"post_tag","embeddable":true,"href":"https:\/\/maestronacor.com\/index.php?rest_route=%2Fwp%2Fv2%2Ftags&post=2332"}],"curies":[{"name":"wp","href":"https:\/\/api.w.org\/{rel}","templated":true}]}}