{"id":2264,"date":"2021-01-23T10:45:51","date_gmt":"2021-01-23T09:45:51","guid":{"rendered":"https:\/\/maestronacor.com\/?p=2264"},"modified":"2021-01-23T10:46:27","modified_gmt":"2021-01-23T09:46:27","slug":"conciertos-en-familia-aplazado","status":"publish","type":"post","link":"https:\/\/maestronacor.com\/?p=2264","title":{"rendered":"Conciertos en Familia Aplazado."},"content":{"rendered":"\n<p>Debido a la actual situaci\u00f3n sanitaria, nos vemos obligados a aplazar el concierto programado para este pr\u00f3ximo domingo d\u00eda 24, en cuanto las condiciones sanitarias y de programaci\u00f3n del Teatro Ramos Carri\u00f3n, lo permitan volveremos con este nuevo proyecto, muchas gracias a todos los implicados por su esfuerzo, un abrazo.<\/p>\n\n\n\n<figure class=\"wp-block-image size-large\"><a href=\"https:\/\/maestronacor.com\/wp-content\/uploads\/2021\/01\/WhatsApp-Image-2020-12-30-at-15.29.12.jpg\"><img loading=\"lazy\" decoding=\"async\" width=\"723\" height=\"1024\" src=\"https:\/\/maestronacor.com\/wp-content\/uploads\/2021\/01\/WhatsApp-Image-2020-12-30-at-15.29.12-723x1024.jpg\" alt=\"\" class=\"wp-image-2265\" srcset=\"https:\/\/maestronacor.com\/wp-content\/uploads\/2021\/01\/WhatsApp-Image-2020-12-30-at-15.29.12-723x1024.jpg 723w, https:\/\/maestronacor.com\/wp-content\/uploads\/2021\/01\/WhatsApp-Image-2020-12-30-at-15.29.12-212x300.jpg 212w, https:\/\/maestronacor.com\/wp-content\/uploads\/2021\/01\/WhatsApp-Image-2020-12-30-at-15.29.12-768x1087.jpg 768w, https:\/\/maestronacor.com\/wp-content\/uploads\/2021\/01\/WhatsApp-Image-2020-12-30-at-15.29.12-1085x1536.jpg 1085w, https:\/\/maestronacor.com\/wp-content\/uploads\/2021\/01\/WhatsApp-Image-2020-12-30-at-15.29.12.jpg 1130w\" sizes=\"auto, (max-width: 723px) 100vw, 723px\" \/><\/a><\/figure>\n\n\n\n<p><\/p>\n","protected":false},"excerpt":{"rendered":"<p>Debido a la actual situaci\u00f3n sanitaria, nos vemos obligados a aplazar el concierto programado para este pr\u00f3ximo domingo d\u00eda 24, en cuanto las condiciones sanitarias y de programaci\u00f3n del Teatro Ramos Carri\u00f3n, lo permitan volveremos con este nuevo proyecto, muchas gracias a todos los implicados por su esfuerzo, un abrazo.<\/p>\n","protected":false},"author":1,"featured_media":0,"comment_status":"closed","ping_status":"open","sticky":false,"template":"","format":"standard","meta":{"_jetpack_memberships_contains_paid_content":false,"footnotes":""},"categories":[7],"tags":[],"class_list":["post-2264","post","type-post","status-publish","format-standard","hentry","category-agenda"],"jetpack_featured_media_url":"","jetpack_sharing_enabled":true,"_links":{"self":[{"href":"https:\/\/maestronacor.com\/index.php?rest_route=\/wp\/v2\/posts\/2264","targetHints":{"allow":["GET"]}}],"collection":[{"href":"https:\/\/maestronacor.com\/index.php?rest_route=\/wp\/v2\/posts"}],"about":[{"href":"https:\/\/maestronacor.com\/index.php?rest_route=\/wp\/v2\/types\/post"}],"author":[{"embeddable":true,"href":"https:\/\/maestronacor.com\/index.php?rest_route=\/wp\/v2\/users\/1"}],"replies":[{"embeddable":true,"href":"https:\/\/maestronacor.com\/index.php?rest_route=%2Fwp%2Fv2%2Fcomments&post=2264"}],"version-history":[{"count":1,"href":"https:\/\/maestronacor.com\/index.php?rest_route=\/wp\/v2\/posts\/2264\/revisions"}],"predecessor-version":[{"id":2266,"href":"https:\/\/maestronacor.com\/index.php?rest_route=\/wp\/v2\/posts\/2264\/revisions\/2266"}],"wp:attachment":[{"href":"https:\/\/maestronacor.com\/index.php?rest_route=%2Fwp%2Fv2%2Fmedia&parent=2264"}],"wp:term":[{"taxonomy":"category","embeddable":true,"href":"https:\/\/maestronacor.com\/index.php?rest_route=%2Fwp%2Fv2%2Fcategories&post=2264"},{"taxonomy":"post_tag","embeddable":true,"href":"https:\/\/maestronacor.com\/index.php?rest_route=%2Fwp%2Fv2%2Ftags&post=2264"}],"curies":[{"name":"wp","href":"https:\/\/api.w.org\/{rel}","templated":true}]}}