{"id":2237,"date":"2020-09-11T18:06:46","date_gmt":"2020-09-11T16:06:46","guid":{"rendered":"https:\/\/maestronacor.com\/?p=2237"},"modified":"2020-09-11T18:07:46","modified_gmt":"2020-09-11T16:07:46","slug":"concierto-matinal","status":"publish","type":"post","link":"https:\/\/maestronacor.com\/?p=2237","title":{"rendered":"Concierto Matinal."},"content":{"rendered":"\n<p><\/p>\n\n\n\n<figure class=\"wp-block-image size-large is-resized\"><img loading=\"lazy\" decoding=\"async\" src=\"https:\/\/maestronacor.com\/wp-content\/uploads\/2020\/09\/b46025398ff8d16ad681de03d48e0bd4_XL.jpg\" alt=\"\" class=\"wp-image-2238\" width=\"785\" height=\"524\" srcset=\"https:\/\/maestronacor.com\/wp-content\/uploads\/2020\/09\/b46025398ff8d16ad681de03d48e0bd4_XL.jpg 800w, https:\/\/maestronacor.com\/wp-content\/uploads\/2020\/09\/b46025398ff8d16ad681de03d48e0bd4_XL-300x200.jpg 300w, https:\/\/maestronacor.com\/wp-content\/uploads\/2020\/09\/b46025398ff8d16ad681de03d48e0bd4_XL-768x513.jpg 768w\" sizes=\"auto, (max-width: 785px) 100vw, 785px\" \/><\/figure>\n\n\n\n<p><\/p>\n\n\n\n<p>Este pr\u00f3ximo 13 de Septiembre, actuaremos dentro de la programaci\u00f3n ofrecida por el Ayuntamiento de Zamora, han sido meses muy diferentes para todos, pero nuestro compromiso con la m\u00fasica, si bien a sido mas personal, no pudiendo ensayar con los compa\u00f1eros, no a flaqueado y seguimos estudiando para poder ofrecer en cada actuaci\u00f3n lo mejor de nosotros, los temas a interpretar son de todos conocidos, ten\u00edamos nuevo repertorio, pero debido a la anormalidad actual, tendremos que presentarlo en futuras fechas, la hora de comienzo ser\u00e1 a las 12:00 h, en la plaza de la catedral, agradecer a la concejal\u00eda de Juventud y Fiestas Populares, acordarse de nosotros para poner unas notas musicales en este verano tan at\u00edpico que terminamos de pasar, os esperamos y deseamos ofreceros unos minutos de desconexion, para que la m\u00fasica vaya volviendo a las calles, y a todos los espacios que tiene esta ciudad para poder disfrutar de ella.<\/p>\n","protected":false},"excerpt":{"rendered":"<p>Este pr\u00f3ximo 13 de Septiembre, actuaremos dentro de la programaci\u00f3n ofrecida por el Ayuntamiento de Zamora, han sido meses muy diferentes para todos, pero nuestro compromiso con la m\u00fasica, si bien a sido mas personal, no pudiendo ensayar con los compa\u00f1eros, no a flaqueado y seguimos estudiando para poder ofrecer en cada actuaci\u00f3n lo mejor [&hellip;]<\/p>\n","protected":false},"author":1,"featured_media":0,"comment_status":"closed","ping_status":"open","sticky":false,"template":"","format":"standard","meta":{"_jetpack_memberships_contains_paid_content":false,"footnotes":""},"categories":[7],"tags":[],"class_list":["post-2237","post","type-post","status-publish","format-standard","hentry","category-agenda"],"jetpack_featured_media_url":"","jetpack_sharing_enabled":true,"_links":{"self":[{"href":"https:\/\/maestronacor.com\/index.php?rest_route=\/wp\/v2\/posts\/2237","targetHints":{"allow":["GET"]}}],"collection":[{"href":"https:\/\/maestronacor.com\/index.php?rest_route=\/wp\/v2\/posts"}],"about":[{"href":"https:\/\/maestronacor.com\/index.php?rest_route=\/wp\/v2\/types\/post"}],"author":[{"embeddable":true,"href":"https:\/\/maestronacor.com\/index.php?rest_route=\/wp\/v2\/users\/1"}],"replies":[{"embeddable":true,"href":"https:\/\/maestronacor.com\/index.php?rest_route=%2Fwp%2Fv2%2Fcomments&post=2237"}],"version-history":[{"count":1,"href":"https:\/\/maestronacor.com\/index.php?rest_route=\/wp\/v2\/posts\/2237\/revisions"}],"predecessor-version":[{"id":2239,"href":"https:\/\/maestronacor.com\/index.php?rest_route=\/wp\/v2\/posts\/2237\/revisions\/2239"}],"wp:attachment":[{"href":"https:\/\/maestronacor.com\/index.php?rest_route=%2Fwp%2Fv2%2Fmedia&parent=2237"}],"wp:term":[{"taxonomy":"category","embeddable":true,"href":"https:\/\/maestronacor.com\/index.php?rest_route=%2Fwp%2Fv2%2Fcategories&post=2237"},{"taxonomy":"post_tag","embeddable":true,"href":"https:\/\/maestronacor.com\/index.php?rest_route=%2Fwp%2Fv2%2Ftags&post=2237"}],"curies":[{"name":"wp","href":"https:\/\/api.w.org\/{rel}","templated":true}]}}