{"id":2220,"date":"2020-04-07T11:40:00","date_gmt":"2020-04-07T09:40:00","guid":{"rendered":"https:\/\/maestronacor.com\/?p=2220"},"modified":"2020-09-11T18:08:54","modified_gmt":"2020-09-11T16:08:54","slug":"desde-casa-tambien-es-semana-santa","status":"publish","type":"post","link":"https:\/\/maestronacor.com\/?p=2220","title":{"rendered":"Desde Casa tambi\u00e9n es Semana Santa"},"content":{"rendered":"\n<p>Desde la Banda de M\u00fasica Maestro Nacor Blanco de Zamora, os dejamos nuestra peque\u00f1a aportaci\u00f3n con esta grabaci\u00f3n sonido en directo, para que est\u00e1 Semana Santa 2020 sea un poco m\u00e1s llevadera desde nuestras casas, todos los miembros de la banda hemos sumado esfuerzos para conseguir que la m\u00fasica , que es nuestra forma de expresar nuestros sentimientos y compromiso con nuestra Semana Santa, no quede muda este a\u00f1o, agradecer a nuestro compa\u00f1ero Rub\u00e9n Villar su buen hacer y profesionalidad, que ha hecho posible el montaje de los v\u00eddeos mandados y conseguir que todo funcione a la perfecci\u00f3n, esperamos que disfrut\u00e9is como nosotros hemos disfrutado haci\u00e9ndolo y sint\u00e1is el cari\u00f1o que todos los miembros de la banda han puesto haci\u00e9ndola. Deseamos&nbsp;que el pr\u00f3ximo a\u00f1o, estemos todos llenando las calles de Zamora en la que sin duda ser\u00e1 la Semana Santa m\u00e1s esperada por todos los zamoranos.<\/p>\n\n\n\n<p>Os dejamos el enlace a nuestro Canal de Youtube para que pod\u00e1is verlo, muchas gracias por vuestro apoyo, un fuerte abrazo, cuidaros mucho.<\/p>\n\n\n\n<figure class=\"wp-block-embed-youtube wp-block-embed is-type-video is-provider-youtube wp-embed-aspect-16-9 wp-has-aspect-ratio\"><div class=\"wp-block-embed__wrapper\">\n<div class=\"jetpack-video-wrapper\"><iframe loading=\"lazy\" title=\"La Cruz   Banda Nacor Blanco\" width=\"1170\" height=\"658\" src=\"https:\/\/www.youtube.com\/embed\/oCiiaxNuH4g?feature=oembed\" frameborder=\"0\" allow=\"accelerometer; autoplay; encrypted-media; gyroscope; picture-in-picture\" allowfullscreen><\/iframe><\/div>\n<\/div><\/figure>\n\n\n\n<p><\/p>\n","protected":false},"excerpt":{"rendered":"<p>Desde la Banda de M\u00fasica Maestro Nacor Blanco de Zamora, os dejamos nuestra peque\u00f1a aportaci\u00f3n con esta grabaci\u00f3n sonido en directo, para que est\u00e1 Semana Santa 2020 sea un poco m\u00e1s llevadera desde nuestras casas, todos los miembros de la banda hemos sumado esfuerzos para conseguir que la m\u00fasica , que es nuestra forma de [&hellip;]<\/p>\n","protected":false},"author":1,"featured_media":0,"comment_status":"closed","ping_status":"open","sticky":false,"template":"","format":"standard","meta":{"_jetpack_memberships_contains_paid_content":false,"footnotes":""},"categories":[7],"tags":[],"class_list":["post-2220","post","type-post","status-publish","format-standard","hentry","category-agenda"],"jetpack_featured_media_url":"","jetpack_sharing_enabled":true,"_links":{"self":[{"href":"https:\/\/maestronacor.com\/index.php?rest_route=\/wp\/v2\/posts\/2220","targetHints":{"allow":["GET"]}}],"collection":[{"href":"https:\/\/maestronacor.com\/index.php?rest_route=\/wp\/v2\/posts"}],"about":[{"href":"https:\/\/maestronacor.com\/index.php?rest_route=\/wp\/v2\/types\/post"}],"author":[{"embeddable":true,"href":"https:\/\/maestronacor.com\/index.php?rest_route=\/wp\/v2\/users\/1"}],"replies":[{"embeddable":true,"href":"https:\/\/maestronacor.com\/index.php?rest_route=%2Fwp%2Fv2%2Fcomments&post=2220"}],"version-history":[{"count":3,"href":"https:\/\/maestronacor.com\/index.php?rest_route=\/wp\/v2\/posts\/2220\/revisions"}],"predecessor-version":[{"id":2230,"href":"https:\/\/maestronacor.com\/index.php?rest_route=\/wp\/v2\/posts\/2220\/revisions\/2230"}],"wp:attachment":[{"href":"https:\/\/maestronacor.com\/index.php?rest_route=%2Fwp%2Fv2%2Fmedia&parent=2220"}],"wp:term":[{"taxonomy":"category","embeddable":true,"href":"https:\/\/maestronacor.com\/index.php?rest_route=%2Fwp%2Fv2%2Fcategories&post=2220"},{"taxonomy":"post_tag","embeddable":true,"href":"https:\/\/maestronacor.com\/index.php?rest_route=%2Fwp%2Fv2%2Ftags&post=2220"}],"curies":[{"name":"wp","href":"https:\/\/api.w.org\/{rel}","templated":true}]}}