{"id":2177,"date":"2019-09-07T17:33:20","date_gmt":"2019-09-07T15:33:20","guid":{"rendered":"https:\/\/maestronacor.com\/?p=2177"},"modified":"2019-09-07T21:25:52","modified_gmt":"2019-09-07T19:25:52","slug":"xii-festival-hispano-luso","status":"publish","type":"post","link":"https:\/\/maestronacor.com\/?p=2177","title":{"rendered":"XIII FESTIVAL HISPANO-LUSO"},"content":{"rendered":"\n<p>Despu\u00e9s del verano, volvemos al trabajo con un primer concierto que se celebrar\u00e1 dentro del XII FESTIVAL HISPANO-LUSO.<\/p>\n\n\n\n<p>Agradecer un a\u00f1o m\u00e1s a la Banda de M\u00fasica de Zamora, en colaboraci\u00f3n con el Ayuntamiento y Caja Rural de Zamora, su invitaci\u00f3n para participar en el festival.<\/p>\n\n\n\n<p>Nos vemos el d\u00eda 10 a las 21:00 h en la plaza de la Catedral.<\/p>\n\n\n\n<figure class=\"wp-block-image\"><img loading=\"lazy\" decoding=\"async\" width=\"704\" height=\"1024\" src=\"https:\/\/maestronacor.com\/wp-content\/uploads\/2019\/09\/e88a1f6c-8d33-4d21-bd4f-4d0bb0948ab0-704x1024.jpg\" alt=\"\" class=\"wp-image-2178\" srcset=\"https:\/\/maestronacor.com\/wp-content\/uploads\/2019\/09\/e88a1f6c-8d33-4d21-bd4f-4d0bb0948ab0.jpg 704w, https:\/\/maestronacor.com\/wp-content\/uploads\/2019\/09\/e88a1f6c-8d33-4d21-bd4f-4d0bb0948ab0-206x300.jpg 206w\" sizes=\"auto, (max-width: 704px) 100vw, 704px\" \/><\/figure>\n","protected":false},"excerpt":{"rendered":"<p>Despu\u00e9s del verano, volvemos al trabajo con un primer concierto que se celebrar\u00e1 dentro del XII FESTIVAL HISPANO-LUSO. Agradecer un a\u00f1o m\u00e1s a la Banda de M\u00fasica de Zamora, en colaboraci\u00f3n con el Ayuntamiento y Caja Rural de Zamora, su invitaci\u00f3n para participar en el festival. Nos vemos el d\u00eda 10 a las 21:00 h [&hellip;]<\/p>\n","protected":false},"author":1,"featured_media":0,"comment_status":"closed","ping_status":"open","sticky":false,"template":"","format":"standard","meta":{"_jetpack_memberships_contains_paid_content":false,"footnotes":""},"categories":[7],"tags":[],"class_list":["post-2177","post","type-post","status-publish","format-standard","hentry","category-agenda"],"jetpack_featured_media_url":"","jetpack_sharing_enabled":true,"_links":{"self":[{"href":"https:\/\/maestronacor.com\/index.php?rest_route=\/wp\/v2\/posts\/2177","targetHints":{"allow":["GET"]}}],"collection":[{"href":"https:\/\/maestronacor.com\/index.php?rest_route=\/wp\/v2\/posts"}],"about":[{"href":"https:\/\/maestronacor.com\/index.php?rest_route=\/wp\/v2\/types\/post"}],"author":[{"embeddable":true,"href":"https:\/\/maestronacor.com\/index.php?rest_route=\/wp\/v2\/users\/1"}],"replies":[{"embeddable":true,"href":"https:\/\/maestronacor.com\/index.php?rest_route=%2Fwp%2Fv2%2Fcomments&post=2177"}],"version-history":[{"count":2,"href":"https:\/\/maestronacor.com\/index.php?rest_route=\/wp\/v2\/posts\/2177\/revisions"}],"predecessor-version":[{"id":2182,"href":"https:\/\/maestronacor.com\/index.php?rest_route=\/wp\/v2\/posts\/2177\/revisions\/2182"}],"wp:attachment":[{"href":"https:\/\/maestronacor.com\/index.php?rest_route=%2Fwp%2Fv2%2Fmedia&parent=2177"}],"wp:term":[{"taxonomy":"category","embeddable":true,"href":"https:\/\/maestronacor.com\/index.php?rest_route=%2Fwp%2Fv2%2Fcategories&post=2177"},{"taxonomy":"post_tag","embeddable":true,"href":"https:\/\/maestronacor.com\/index.php?rest_route=%2Fwp%2Fv2%2Ftags&post=2177"}],"curies":[{"name":"wp","href":"https:\/\/api.w.org\/{rel}","templated":true}]}}