{"id":2121,"date":"2019-02-22T21:06:04","date_gmt":"2019-02-22T20:06:04","guid":{"rendered":"http:\/\/maestronacor.com\/?p=2121"},"modified":"2019-02-23T20:53:00","modified_gmt":"2019-02-23T19:53:00","slug":"vii-congreso-nacional-de-hermandades-y-cofradias-zamora-2019","status":"publish","type":"post","link":"https:\/\/maestronacor.com\/?p=2121","title":{"rendered":"VII Congreso Nacional de Hermandades y Cofradias. Zamora 2019."},"content":{"rendered":"\n<p>El pr\u00f3ximo Domingo 24 de Febrero, participaremos en el V\u00eda Crucis, dentro de la programaci\u00f3n del VII Congreso Nacional de Hermandades y Cofrad\u00edas, cuyo recorrido ser\u00e1 desde la Catedral hasta el museo de Semana Santa.<\/p>\n\n\n\n<p>Las estaciones estar\u00e1n representadas por los siguientes pasos de Semana Santa: La Santa Cruz, La Sentencia, Jes\u00fas del V\u00eda Crucis, El Nazareno de la Vera Cruz, La Despedida, Redenci\u00f3n, La Ver\u00f3nica, La Ca\u00edda, Las Tres Mar\u00edas y San Juan, Jes\u00fas de la Tercera Ca\u00edda, La Desnudez, La Crucifixi\u00f3n, La Lanzada, Nuestra Madre de las Angustias, Jes\u00fas Yacente, La Virgen de la Soledad, Cristo Resucitado.<\/p>\n\n\n\n<p>La hora de comienzo del V\u00eda Crucis ser\u00e1 las 11:30 h.&nbsp;<\/p>\n\n\n\n<p>Nuestra participaci\u00f3n aportara la m\u00fasica de las conocidas Marchas de la Semana Santa Zamorana, que soliciten las diferentes Cofrad\u00edas.<\/p>\n\n\n\n<p><\/p>\n\n\n\n<figure class=\"wp-block-image\"><img loading=\"lazy\" decoding=\"async\" width=\"1024\" height=\"430\" src=\"http:\/\/maestronacor.com\/wp-content\/uploads\/2019\/02\/banner-1024x430.jpg\" alt=\"\" class=\"wp-image-2122\" srcset=\"https:\/\/maestronacor.com\/wp-content\/uploads\/2019\/02\/banner-1024x430.jpg 1024w, https:\/\/maestronacor.com\/wp-content\/uploads\/2019\/02\/banner-300x126.jpg 300w, https:\/\/maestronacor.com\/wp-content\/uploads\/2019\/02\/banner-768x323.jpg 768w, https:\/\/maestronacor.com\/wp-content\/uploads\/2019\/02\/banner.jpg 1500w\" sizes=\"auto, (max-width: 1024px) 100vw, 1024px\" \/><\/figure>\n\n\n\n<p><br><\/p>\n\n\n\n<p><br><\/p>\n","protected":false},"excerpt":{"rendered":"<p>El pr\u00f3ximo Domingo 24 de Febrero, participaremos en el V\u00eda Crucis, dentro de la programaci\u00f3n del VII Congreso Nacional de Hermandades y Cofrad\u00edas, cuyo recorrido ser\u00e1 desde la Catedral hasta el museo de Semana Santa. Las estaciones estar\u00e1n representadas por los siguientes pasos de Semana Santa: La Santa Cruz, La Sentencia, Jes\u00fas del V\u00eda Crucis, [&hellip;]<\/p>\n","protected":false},"author":1,"featured_media":0,"comment_status":"closed","ping_status":"open","sticky":false,"template":"","format":"standard","meta":{"_jetpack_memberships_contains_paid_content":false,"footnotes":""},"categories":[7],"tags":[],"class_list":["post-2121","post","type-post","status-publish","format-standard","hentry","category-agenda"],"jetpack_featured_media_url":"","jetpack_sharing_enabled":true,"_links":{"self":[{"href":"https:\/\/maestronacor.com\/index.php?rest_route=\/wp\/v2\/posts\/2121","targetHints":{"allow":["GET"]}}],"collection":[{"href":"https:\/\/maestronacor.com\/index.php?rest_route=\/wp\/v2\/posts"}],"about":[{"href":"https:\/\/maestronacor.com\/index.php?rest_route=\/wp\/v2\/types\/post"}],"author":[{"embeddable":true,"href":"https:\/\/maestronacor.com\/index.php?rest_route=\/wp\/v2\/users\/1"}],"replies":[{"embeddable":true,"href":"https:\/\/maestronacor.com\/index.php?rest_route=%2Fwp%2Fv2%2Fcomments&post=2121"}],"version-history":[{"count":2,"href":"https:\/\/maestronacor.com\/index.php?rest_route=\/wp\/v2\/posts\/2121\/revisions"}],"predecessor-version":[{"id":2124,"href":"https:\/\/maestronacor.com\/index.php?rest_route=\/wp\/v2\/posts\/2121\/revisions\/2124"}],"wp:attachment":[{"href":"https:\/\/maestronacor.com\/index.php?rest_route=%2Fwp%2Fv2%2Fmedia&parent=2121"}],"wp:term":[{"taxonomy":"category","embeddable":true,"href":"https:\/\/maestronacor.com\/index.php?rest_route=%2Fwp%2Fv2%2Fcategories&post=2121"},{"taxonomy":"post_tag","embeddable":true,"href":"https:\/\/maestronacor.com\/index.php?rest_route=%2Fwp%2Fv2%2Ftags&post=2121"}],"curies":[{"name":"wp","href":"https:\/\/api.w.org\/{rel}","templated":true}]}}