{"id":2033,"date":"2018-09-21T18:20:17","date_gmt":"2018-09-21T16:20:17","guid":{"rendered":"http:\/\/maestronacor.com\/?p=2033"},"modified":"2018-09-21T18:27:48","modified_gmt":"2018-09-21T16:27:48","slug":"conmemoracion-de-la-fundacion-real-cofradia-del-santo-entierro","status":"publish","type":"post","link":"https:\/\/maestronacor.com\/?p=2033","title":{"rendered":"Conmemoraci\u00f3n de la fundaci\u00f3n Real Cofrad\u00eda del Santo Entierro."},"content":{"rendered":"<p>Ma\u00f1ana d\u00eda veintid\u00f3s de Septiembre, junto a los compa\u00f1eros de la Banda de Zamora, participaremos en la conmemoraci\u00f3n del cuatrocientos veinticinco aniversario de la fundaci\u00f3n de la Real Cofrad\u00eda del Santo Entierro.<\/p>\n<p><span class=\"Apple-converted-space\">\u00a0\u00a0 \u00a0 \u00a0 \u00a0 \u00a0 <\/span>La procesi\u00f3n comenzara a las cinco y media de la tarde, saliendo del Museo de Semana Santa para llegar a la plaza mayor, donde se llevara a cabo el acto del Serm\u00f3n del Descendimiento, una vez realizado el acto y despu\u00e9s de 20 minutos de descanso, regresara al museo de Semana Santa por Ramos Carrion, Viriato y Barandales.<span class=\"Apple-converted-space\">\u00a0<\/span><\/p>\n","protected":false},"excerpt":{"rendered":"<p>Ma\u00f1ana d\u00eda veintid\u00f3s de Septiembre, junto a los compa\u00f1eros de la Banda de Zamora, participaremos en la conmemoraci\u00f3n del cuatrocientos veinticinco aniversario de la fundaci\u00f3n de la Real Cofrad\u00eda del Santo Entierro. \u00a0\u00a0 \u00a0 \u00a0 \u00a0 \u00a0 La procesi\u00f3n comenzara a las cinco y media de la tarde, saliendo del Museo de Semana Santa para [&hellip;]<\/p>\n","protected":false},"author":1,"featured_media":0,"comment_status":"closed","ping_status":"open","sticky":false,"template":"","format":"standard","meta":{"_jetpack_memberships_contains_paid_content":false,"footnotes":""},"categories":[7],"tags":[],"class_list":["post-2033","post","type-post","status-publish","format-standard","hentry","category-agenda"],"jetpack_featured_media_url":"","jetpack_sharing_enabled":true,"_links":{"self":[{"href":"https:\/\/maestronacor.com\/index.php?rest_route=\/wp\/v2\/posts\/2033","targetHints":{"allow":["GET"]}}],"collection":[{"href":"https:\/\/maestronacor.com\/index.php?rest_route=\/wp\/v2\/posts"}],"about":[{"href":"https:\/\/maestronacor.com\/index.php?rest_route=\/wp\/v2\/types\/post"}],"author":[{"embeddable":true,"href":"https:\/\/maestronacor.com\/index.php?rest_route=\/wp\/v2\/users\/1"}],"replies":[{"embeddable":true,"href":"https:\/\/maestronacor.com\/index.php?rest_route=%2Fwp%2Fv2%2Fcomments&post=2033"}],"version-history":[{"count":3,"href":"https:\/\/maestronacor.com\/index.php?rest_route=\/wp\/v2\/posts\/2033\/revisions"}],"predecessor-version":[{"id":2036,"href":"https:\/\/maestronacor.com\/index.php?rest_route=\/wp\/v2\/posts\/2033\/revisions\/2036"}],"wp:attachment":[{"href":"https:\/\/maestronacor.com\/index.php?rest_route=%2Fwp%2Fv2%2Fmedia&parent=2033"}],"wp:term":[{"taxonomy":"category","embeddable":true,"href":"https:\/\/maestronacor.com\/index.php?rest_route=%2Fwp%2Fv2%2Fcategories&post=2033"},{"taxonomy":"post_tag","embeddable":true,"href":"https:\/\/maestronacor.com\/index.php?rest_route=%2Fwp%2Fv2%2Ftags&post=2033"}],"curies":[{"name":"wp","href":"https:\/\/api.w.org\/{rel}","templated":true}]}}