{"id":2009,"date":"2018-09-14T15:25:35","date_gmt":"2018-09-14T13:25:35","guid":{"rendered":"http:\/\/maestronacor.com\/?p=2009"},"modified":"2018-09-21T18:26:37","modified_gmt":"2018-09-21T16:26:37","slug":"exaltacion-a-la-cruz","status":"publish","type":"post","link":"https:\/\/maestronacor.com\/?p=2009","title":{"rendered":"Exaltaci\u00f3n a la Cruz"},"content":{"rendered":"<p><span class=\"Apple-converted-space\">\u00a0 \u00a0 \u00a0 \u00a0 \u00a0 \u00a0 <\/span>Esta tarde a las 20:00 horas, tendremos el placer de acompa\u00f1ar a los hermanos de la Cofrad\u00eda De la Vera Cruz como cada a\u00f1o en su acto de Exaltaci\u00f3n De la Cruz.<span class=\"Apple-converted-space\">\u00a0<\/span><\/p>\n<p><span class=\"Apple-converted-space\">\u00a0 \u00a0 \u00a0 \u00a0 \u00a0 \u00a0 <\/span>El recorrido ser\u00e1, salida del museo de Semana Santa, llegada a la iglesia de San Juan, donde se celebrar\u00e1 una misa.<\/p>\n<p><span class=\"Apple-converted-space\">\u00a0 \u00a0 \u00a0 \u00a0 \u00a0 \u00a0 <\/span>Al t\u00e9rmino de la misma regresara al museo.<span class=\"Apple-converted-space\">\u00a0<\/span><\/p>\n","protected":false},"excerpt":{"rendered":"<p>\u00a0 \u00a0 \u00a0 \u00a0 \u00a0 \u00a0 Esta tarde a las 20:00 horas, tendremos el placer de acompa\u00f1ar a los hermanos de la Cofrad\u00eda De la Vera Cruz como cada a\u00f1o en su acto de Exaltaci\u00f3n De la Cruz.\u00a0 \u00a0 \u00a0 \u00a0 \u00a0 \u00a0 \u00a0 El recorrido ser\u00e1, salida del museo de Semana Santa, llegada a [&hellip;]<\/p>\n","protected":false},"author":1,"featured_media":0,"comment_status":"closed","ping_status":"open","sticky":false,"template":"","format":"standard","meta":{"_jetpack_memberships_contains_paid_content":false,"footnotes":""},"categories":[7],"tags":[],"class_list":["post-2009","post","type-post","status-publish","format-standard","hentry","category-agenda"],"jetpack_featured_media_url":"","jetpack_sharing_enabled":true,"_links":{"self":[{"href":"https:\/\/maestronacor.com\/index.php?rest_route=\/wp\/v2\/posts\/2009","targetHints":{"allow":["GET"]}}],"collection":[{"href":"https:\/\/maestronacor.com\/index.php?rest_route=\/wp\/v2\/posts"}],"about":[{"href":"https:\/\/maestronacor.com\/index.php?rest_route=\/wp\/v2\/types\/post"}],"author":[{"embeddable":true,"href":"https:\/\/maestronacor.com\/index.php?rest_route=\/wp\/v2\/users\/1"}],"replies":[{"embeddable":true,"href":"https:\/\/maestronacor.com\/index.php?rest_route=%2Fwp%2Fv2%2Fcomments&post=2009"}],"version-history":[{"count":1,"href":"https:\/\/maestronacor.com\/index.php?rest_route=\/wp\/v2\/posts\/2009\/revisions"}],"predecessor-version":[{"id":2010,"href":"https:\/\/maestronacor.com\/index.php?rest_route=\/wp\/v2\/posts\/2009\/revisions\/2010"}],"wp:attachment":[{"href":"https:\/\/maestronacor.com\/index.php?rest_route=%2Fwp%2Fv2%2Fmedia&parent=2009"}],"wp:term":[{"taxonomy":"category","embeddable":true,"href":"https:\/\/maestronacor.com\/index.php?rest_route=%2Fwp%2Fv2%2Fcategories&post=2009"},{"taxonomy":"post_tag","embeddable":true,"href":"https:\/\/maestronacor.com\/index.php?rest_route=%2Fwp%2Fv2%2Ftags&post=2009"}],"curies":[{"name":"wp","href":"https:\/\/api.w.org\/{rel}","templated":true}]}}