{"id":1918,"date":"2018-07-20T16:57:31","date_gmt":"2018-07-20T14:57:31","guid":{"rendered":"http:\/\/maestronacor.com\/?p=1918"},"modified":"2018-07-22T12:08:55","modified_gmt":"2018-07-22T10:08:55","slug":"actuacion-en-el-maderal","status":"publish","type":"post","link":"https:\/\/maestronacor.com\/?p=1918","title":{"rendered":"Actuaci\u00f3n en El Maderal"},"content":{"rendered":"<p>Hoy d\u00eda 20 de Julio, estaremos en El Maderal, pueblo de la Comarca de la Guare\u00f1a, cuentan con nosotros como parte del programa de las fiestas de su patrona Santa Mar\u00eda Magdalena (22 de Julio), el concierto tendr\u00e1 lugar en la Plaza Mayor a partir de las 20:00 h, nuestro repertorio contara con temas modernos, contempor\u00e1neos y pasodobles, que a buen seguro les resultaran conocidos. Les esperamos para pasar una tarde agradable y de buena m\u00fasica .<\/p>\n<p>&nbsp;<\/p>\n<p>Cartel anunciador del evento.<\/p>\n<p>&nbsp;<\/p>\n<p><a href=\"http:\/\/maestronacor.com\/wp-content\/uploads\/2018\/07\/bc1a95c9-e42c-425b-b20e-d45a6d1d17ea.jpg\"><img loading=\"lazy\" decoding=\"async\" class=\"aligncenter wp-image-1919 size-large\" src=\"http:\/\/maestronacor.com\/wp-content\/uploads\/2018\/07\/bc1a95c9-e42c-425b-b20e-d45a6d1d17ea-1024x576.jpg\" alt=\"\" width=\"1024\" height=\"576\" srcset=\"https:\/\/maestronacor.com\/wp-content\/uploads\/2018\/07\/bc1a95c9-e42c-425b-b20e-d45a6d1d17ea-1024x576.jpg 1024w, https:\/\/maestronacor.com\/wp-content\/uploads\/2018\/07\/bc1a95c9-e42c-425b-b20e-d45a6d1d17ea-300x169.jpg 300w, https:\/\/maestronacor.com\/wp-content\/uploads\/2018\/07\/bc1a95c9-e42c-425b-b20e-d45a6d1d17ea-768x432.jpg 768w, https:\/\/maestronacor.com\/wp-content\/uploads\/2018\/07\/bc1a95c9-e42c-425b-b20e-d45a6d1d17ea.jpg 1600w\" sizes=\"auto, (max-width: 1024px) 100vw, 1024px\" \/><\/a><\/p>\n","protected":false},"excerpt":{"rendered":"<p>Hoy d\u00eda 20 de Julio, estaremos en El Maderal, pueblo de la Comarca de la Guare\u00f1a, cuentan con nosotros como parte del programa de las fiestas de su patrona Santa Mar\u00eda Magdalena (22 de Julio), el concierto tendr\u00e1 lugar en la Plaza Mayor a partir de las 20:00 h, nuestro repertorio contara con temas modernos, [&hellip;]<\/p>\n","protected":false},"author":1,"featured_media":0,"comment_status":"closed","ping_status":"open","sticky":false,"template":"","format":"standard","meta":{"_jetpack_memberships_contains_paid_content":false,"footnotes":""},"categories":[7],"tags":[],"class_list":["post-1918","post","type-post","status-publish","format-standard","hentry","category-agenda"],"jetpack_featured_media_url":"","jetpack_sharing_enabled":true,"_links":{"self":[{"href":"https:\/\/maestronacor.com\/index.php?rest_route=\/wp\/v2\/posts\/1918","targetHints":{"allow":["GET"]}}],"collection":[{"href":"https:\/\/maestronacor.com\/index.php?rest_route=\/wp\/v2\/posts"}],"about":[{"href":"https:\/\/maestronacor.com\/index.php?rest_route=\/wp\/v2\/types\/post"}],"author":[{"embeddable":true,"href":"https:\/\/maestronacor.com\/index.php?rest_route=\/wp\/v2\/users\/1"}],"replies":[{"embeddable":true,"href":"https:\/\/maestronacor.com\/index.php?rest_route=%2Fwp%2Fv2%2Fcomments&post=1918"}],"version-history":[{"count":7,"href":"https:\/\/maestronacor.com\/index.php?rest_route=\/wp\/v2\/posts\/1918\/revisions"}],"predecessor-version":[{"id":1935,"href":"https:\/\/maestronacor.com\/index.php?rest_route=\/wp\/v2\/posts\/1918\/revisions\/1935"}],"wp:attachment":[{"href":"https:\/\/maestronacor.com\/index.php?rest_route=%2Fwp%2Fv2%2Fmedia&parent=1918"}],"wp:term":[{"taxonomy":"category","embeddable":true,"href":"https:\/\/maestronacor.com\/index.php?rest_route=%2Fwp%2Fv2%2Fcategories&post=1918"},{"taxonomy":"post_tag","embeddable":true,"href":"https:\/\/maestronacor.com\/index.php?rest_route=%2Fwp%2Fv2%2Ftags&post=1918"}],"curies":[{"name":"wp","href":"https:\/\/api.w.org\/{rel}","templated":true}]}}