{"id":1902,"date":"2018-07-16T11:45:14","date_gmt":"2018-07-16T09:45:14","guid":{"rendered":"http:\/\/maestronacor.com\/?p=1902"},"modified":"2018-07-22T12:27:21","modified_gmt":"2018-07-22T10:27:21","slug":"decimosegundo-festival-hispano-luso","status":"publish","type":"post","link":"https:\/\/maestronacor.com\/?p=1902","title":{"rendered":"Decimosegundo Festival Hispano &#8211; Luso"},"content":{"rendered":"<p>La programaci\u00f3n del decimosegundo Festival Hispano &#8211; Luso este a\u00f1o cuenta nuevamente con nuestra participaci\u00f3n, concretamente el d\u00eda 18 de Julio, el concierto tendr\u00e1 lugar en la Plaza de la Catedral a partir de las 21:00 h, tenemos el placer de compartir programaci\u00f3n con excelentes formaciones musicales, que sin duda har\u00e1n disfrutar a los asistentes con sus repertorios, de unas noches agradables y buena m\u00fasica.<\/p>\n<p>Nuestro repertorio sera el siguiente:<\/p>\n<p style=\"text-align: left;\">Queen in Concert \u00a0 \u00a0 \u00a0 \u00a0 \u00a0 \u00a0 \u00a0 \u00a0 \u00a0 \u00a0 \u00a0 \u00a0 \u00a0 \u00a0 \u00a0 \u00a0 \u00a0 \u00a0 \u00a0 \u00a0 \u00a0 \u00a0 \u00a0 \u00a0 \u00a0 \u00a0 Jay Bocook<\/p>\n<p style=\"text-align: left;\">Santana a Portrait. \u00a0 \u00a0 \u00a0 \u00a0 \u00a0 \u00a0 \u00a0 \u00a0 \u00a0 \u00a0 \u00a0 \u00a0 \u00a0 \u00a0 \u00a0 \u00a0 \u00a0 \u00a0 \u00a0 \u00a0 \u00a0 \u00a0 \u00a0 \u00a0 \u00a0Giancarlo Gazzani<\/p>\n<p style=\"text-align: left;\">Mecano \u00a0 \u00a0 \u00a0 \u00a0 \u00a0 \u00a0 \u00a0 \u00a0 \u00a0 \u00a0 \u00a0 \u00a0 \u00a0 \u00a0 \u00a0 \u00a0 \u00a0 \u00a0 \u00a0 \u00a0 \u00a0 \u00a0 \u00a0 \u00a0 \u00a0 \u00a0 \u00a0 \u00a0 \u00a0 \u00a0 \u00a0 \u00a0 \u00a0 \u00a0 \u00a0Azael Fomo<\/p>\n<p style=\"text-align: left;\">Sinatra in Concert \u00a0 \u00a0 \u00a0 \u00a0 \u00a0 \u00a0 \u00a0 \u00a0 \u00a0 \u00a0 \u00a0 \u00a0 \u00a0 \u00a0 \u00a0 \u00a0 \u00a0 \u00a0 \u00a0 \u00a0 \u00a0 \u00a0 \u00a0 \u00a0 \u00a0 \u00a0Jerry Nowak<\/p>\n<p>El Churri de San Lazaro \u00a0 \u00a0 \u00a0 \u00a0 \u00a0 \u00a0 \u00a0 \u00a0 \u00a0 \u00a0 \u00a0 \u00a0 \u00a0 \u00a0 \u00a0 \u00a0 \u00a0 \u00a0 \u00a0 \u00a0 \u00a0David Rivas Dominguez<\/p>\n<p>En er Mundo \u00a0 \u00a0 \u00a0 \u00a0 \u00a0 \u00a0 \u00a0 \u00a0 \u00a0 \u00a0 \u00a0 \u00a0 \u00a0 \u00a0 \u00a0 \u00a0 \u00a0 \u00a0 \u00a0 \u00a0 \u00a0 \u00a0 \u00a0 \u00a0 \u00a0 \u00a0 \u00a0 \u00a0 \u00a0 \u00a0 Jes\u00fas Fern\u00e1ndez y Juan Quintero<\/p>\n<p>\u00d3pera Flamenca \u00a0 \u00a0 \u00a0 \u00a0 \u00a0 \u00a0 \u00a0 \u00a0 \u00a0 \u00a0 \u00a0 \u00a0 \u00a0 \u00a0 \u00a0 \u00a0 \u00a0 \u00a0 \u00a0 \u00a0 \u00a0 \u00a0 \u00a0 \u00a0 \u00a0 \u00a0 \u00a0Luis Araque Sancho<\/p>\n<p>Gallito \u00a0 \u00a0 \u00a0 \u00a0 \u00a0 \u00a0 \u00a0 \u00a0 \u00a0 \u00a0 \u00a0 \u00a0 \u00a0 \u00a0 \u00a0 \u00a0 \u00a0 \u00a0 \u00a0 \u00a0 \u00a0 \u00a0 \u00a0 \u00a0 \u00a0 \u00a0 \u00a0 \u00a0 \u00a0 \u00a0 \u00a0 \u00a0 \u00a0 \u00a0 \u00a0 \u00a0Santiago Lope Gonzalo \/ Arr: Jan W. Singerling<\/p>\n<p>Nerva \u00a0 \u00a0 \u00a0 \u00a0 \u00a0 \u00a0 \u00a0 \u00a0 \u00a0 \u00a0 \u00a0 \u00a0 \u00a0 \u00a0 \u00a0 \u00a0 \u00a0 \u00a0 \u00a0 \u00a0 \u00a0 \u00a0 \u00a0 \u00a0 \u00a0 \u00a0 \u00a0 \u00a0 \u00a0 \u00a0 \u00a0 \u00a0 \u00a0 \u00a0 \u00a0 \u00a0 Manuel Rojas Tirado<\/p>\n<p>&nbsp;<\/p>\n<p>Os esperamos a tod@s el d\u00eda 18 de Julio en la Plaza de la Catedral a partir de las 21:00 horas.<\/p>\n<p>Cartel anunciador del evento.<\/p>\n<p>&nbsp;<\/p>\n<p><a href=\"http:\/\/maestronacor.com\/wp-content\/uploads\/2018\/07\/Hispano-Luso-1.jpg\"><img loading=\"lazy\" decoding=\"async\" class=\"alignnone size-medium wp-image-1909\" src=\"http:\/\/maestronacor.com\/wp-content\/uploads\/2018\/07\/Hispano-Luso-1-239x300.jpg\" alt=\"\" width=\"239\" height=\"300\" srcset=\"https:\/\/maestronacor.com\/wp-content\/uploads\/2018\/07\/Hispano-Luso-1-239x300.jpg 239w, https:\/\/maestronacor.com\/wp-content\/uploads\/2018\/07\/Hispano-Luso-1-768x965.jpg 768w, https:\/\/maestronacor.com\/wp-content\/uploads\/2018\/07\/Hispano-Luso-1-815x1024.jpg 815w, https:\/\/maestronacor.com\/wp-content\/uploads\/2018\/07\/Hispano-Luso-1.jpg 1200w\" sizes=\"auto, (max-width: 239px) 100vw, 239px\" \/><\/a><\/p>\n<p>&nbsp;<\/p>\n<p>&nbsp;<\/p>\n<p>&nbsp;<\/p>\n<p>&nbsp;<\/p>\n<p>&nbsp;<\/p>\n<p>&nbsp;<\/p>\n<p>&nbsp;<\/p>\n<p>&nbsp;<\/p>\n","protected":false},"excerpt":{"rendered":"<p>La programaci\u00f3n del decimosegundo Festival Hispano &#8211; Luso este a\u00f1o cuenta nuevamente con nuestra participaci\u00f3n, concretamente el d\u00eda 18 de Julio, el concierto tendr\u00e1 lugar en la Plaza de la Catedral a partir de las 21:00 h, tenemos el placer de compartir programaci\u00f3n con excelentes formaciones musicales, que sin duda har\u00e1n disfrutar a los asistentes [&hellip;]<\/p>\n","protected":false},"author":1,"featured_media":0,"comment_status":"closed","ping_status":"open","sticky":false,"template":"","format":"standard","meta":{"_jetpack_memberships_contains_paid_content":false,"footnotes":""},"categories":[7],"tags":[],"class_list":["post-1902","post","type-post","status-publish","format-standard","hentry","category-agenda"],"jetpack_featured_media_url":"","jetpack_sharing_enabled":true,"_links":{"self":[{"href":"https:\/\/maestronacor.com\/index.php?rest_route=\/wp\/v2\/posts\/1902","targetHints":{"allow":["GET"]}}],"collection":[{"href":"https:\/\/maestronacor.com\/index.php?rest_route=\/wp\/v2\/posts"}],"about":[{"href":"https:\/\/maestronacor.com\/index.php?rest_route=\/wp\/v2\/types\/post"}],"author":[{"embeddable":true,"href":"https:\/\/maestronacor.com\/index.php?rest_route=\/wp\/v2\/users\/1"}],"replies":[{"embeddable":true,"href":"https:\/\/maestronacor.com\/index.php?rest_route=%2Fwp%2Fv2%2Fcomments&post=1902"}],"version-history":[{"count":8,"href":"https:\/\/maestronacor.com\/index.php?rest_route=\/wp\/v2\/posts\/1902\/revisions"}],"predecessor-version":[{"id":1939,"href":"https:\/\/maestronacor.com\/index.php?rest_route=\/wp\/v2\/posts\/1902\/revisions\/1939"}],"wp:attachment":[{"href":"https:\/\/maestronacor.com\/index.php?rest_route=%2Fwp%2Fv2%2Fmedia&parent=1902"}],"wp:term":[{"taxonomy":"category","embeddable":true,"href":"https:\/\/maestronacor.com\/index.php?rest_route=%2Fwp%2Fv2%2Fcategories&post=1902"},{"taxonomy":"post_tag","embeddable":true,"href":"https:\/\/maestronacor.com\/index.php?rest_route=%2Fwp%2Fv2%2Ftags&post=1902"}],"curies":[{"name":"wp","href":"https:\/\/api.w.org\/{rel}","templated":true}]}}